{"id":13368,"date":"2023-10-30T14:30:10","date_gmt":"2023-10-30T14:30:10","guid":{"rendered":"https:\/\/cocolingua.com\/de\/?p=13368"},"modified":"2025-03-06T13:24:57","modified_gmt":"2025-03-06T13:24:57","slug":"bildungsurlaub","status":"publish","type":"post","link":"https:\/\/cocolingua.com\/es\/bildungsurlaub\/","title":{"rendered":"Bildungsurlaub"},"content":{"rendered":"<p><div class=\"fusion-fullwidth fullwidth-box fusion-builder-row-1 fusion-flex-container nonhundred-percent-fullwidth non-hundred-percent-height-scrolling\" style=\"--awb-border-radius-top-left:0px;--awb-border-radius-top-right:0px;--awb-border-radius-bottom-right:0px;--awb-border-radius-bottom-left:0px;--awb-flex-wrap:wrap;\" ><div class=\"fusion-builder-row fusion-row fusion-flex-align-items-flex-start fusion-flex-content-wrap\" style=\"max-width:1144px;margin-left: calc(-4% \/ 2 );margin-right: calc(-4% \/ 2 );\"><div class=\"fusion-layout-column fusion_builder_column fusion-builder-column-0 fusion_builder_column_1_1 1_1 fusion-flex-column\" style=\"--awb-bg-size:cover;--awb-width-large:100%;--awb-margin-top-large:0px;--awb-spacing-right-large:1.92%;--awb-margin-bottom-large:20px;--awb-spacing-left-large:1.92%;--awb-width-medium:100%;--awb-order-medium:0;--awb-spacing-right-medium:1.92%;--awb-spacing-left-medium:1.92%;--awb-width-small:100%;--awb-order-small:0;--awb-spacing-right-small:1.92%;--awb-spacing-left-small:1.92%;\"><div class=\"fusion-column-wrapper fusion-column-has-shadow fusion-flex-justify-content-flex-start fusion-content-layout-column\"><div class=\"fusion-title title fusion-title-1 fusion-title-text fusion-title-size-two\"><div class=\"title-sep-container title-sep-container-left fusion-no-large-visibility fusion-no-medium-visibility fusion-no-small-visibility\"><div class=\"title-sep sep-double sep-solid\" style=\"border-color:#e0dede;\"><\/div><\/div><span class=\"awb-title-spacer fusion-no-large-visibility fusion-no-medium-visibility fusion-no-small-visibility\"><\/span><h2 class=\"fusion-title-heading title-heading-left\" style=\"margin:0;\">Bildungsurlaub: Ihr Schl\u00fcssel zur beruflichen und pers\u00f6nlichen Weiterentwicklung<\/h2><span class=\"awb-title-spacer\"><\/span><div class=\"title-sep-container title-sep-container-right\"><div class=\"title-sep sep-double sep-solid\" style=\"border-color:#e0dede;\"><\/div><\/div><\/div><div class=\"fusion-text fusion-text-1\"><p>Bildungsurlaub ist eine <strong>einzigartige M\u00f6glichkeit f\u00fcr Arbeitnehmer<\/strong> in Deutschland, sich sowohl <strong>beruflich als auch pers\u00f6nlich weiterzuentwickeln<\/strong>, ohne dabei auf ihre bezahlte Freizeit verzichten zu m\u00fcssen.<\/p>\n<p>In diesem Blogbeitrag werden wir uns zun\u00e4chst allgemein mit dem Konzept des Bildungsurlaubs befassen, bevor wir uns die <strong>Angebote in den verschiedenen Bundesl\u00e4ndern<\/strong> genauer ansehen.<\/p>\n<p>Erfahren Sie au\u00dferdem, wie Sie mit Co Co Lingua Ihren Bildungsurlaub im Rahmen einer <a href=\"https:\/\/cocolingua.com\/bildungsurlaub-spanien\/\">Sprachreise nach Spanien<\/a> mit einem Hauch von Abenteuer verbinden k\u00f6nnen!<\/p>\n<\/div><div class=\"fusion-title title fusion-title-2 fusion-title-text fusion-title-size-two\"><div class=\"title-sep-container title-sep-container-left fusion-no-large-visibility fusion-no-medium-visibility fusion-no-small-visibility\"><div class=\"title-sep sep-double sep-solid\" style=\"border-color:#e0dede;\"><\/div><\/div><span class=\"awb-title-spacer fusion-no-large-visibility fusion-no-medium-visibility fusion-no-small-visibility\"><\/span><h2 class=\"fusion-title-heading title-heading-left\" style=\"margin:0;\"><strong>Was ist Bildungsurlaub?<\/strong><\/h2><span class=\"awb-title-spacer\"><\/span><div class=\"title-sep-container title-sep-container-right\"><div class=\"title-sep sep-double sep-solid\" style=\"border-color:#e0dede;\"><\/div><\/div><\/div><div class=\"fusion-text fusion-text-2\"><p>Bildungsurlaub, auch als \u201eBildungsfreistellung\u201c bekannt, ist eine <strong>Form der bezahlten Freistellung,<\/strong> die Arbeitnehmern die M\u00f6glichkeit bietet, sich <strong>au\u00dferhalb ihres regul\u00e4ren Urlaubszeitraums fortzubilden<\/strong>. Dies kann in Form von Kursen, Workshops oder Seminaren geschehen und ist in Deutschland in den verschiedenen Bundesl\u00e4ndern geregelt.<\/p>\n<\/div><div class=\"fusion-title title fusion-title-3 fusion-title-text fusion-title-size-two\"><div class=\"title-sep-container title-sep-container-left fusion-no-large-visibility fusion-no-medium-visibility fusion-no-small-visibility\"><div class=\"title-sep sep-double sep-solid\" style=\"border-color:#e0dede;\"><\/div><\/div><span class=\"awb-title-spacer fusion-no-large-visibility fusion-no-medium-visibility fusion-no-small-visibility\"><\/span><h2 class=\"fusion-title-heading title-heading-left\" style=\"margin:0;\"><strong>Bildungsurlaub Anspruch<\/strong><\/h2><span class=\"awb-title-spacer\"><\/span><div class=\"title-sep-container title-sep-container-right\"><div class=\"title-sep sep-double sep-solid\" style=\"border-color:#e0dede;\"><\/div><\/div><\/div><div class=\"fusion-text fusion-text-3\"><p>Arbeitnehmer haben in der Regel einen <strong>gesetzlichen Anspruch auf Bildungsurlaub<\/strong>, der in den Landesgesetzen geregelt ist. Dieser Anspruch kann sich auf die Dauer und die Art der Fortbildung beziehen. Die genauen Bestimmungen und <strong>Voraussetzungen f\u00fcr die Beantragung von Bildungsurlaub variieren je nach Bundesland.<\/strong><\/p>\n<p>M\u00f6chten Sie Bildungsurlaub beantragen, sollten Sie sich an Ihren Arbeitgeber und die jeweilige Landesregierung wenden.<\/p>\n<p>In der Regel m\u00fcssen Arbeitnehmer ihren Bildungsurlaub rechtzeitig beantragen, um die Genehmigung zu erhalten und die gew\u00fcnschten Kurse oder Seminare besuchen zu k\u00f6nnen. Informieren Sie sich also fr\u00fchzeitig \u00fcber die geltenden Voraussetzungen und Fristen.<\/p>\n<\/div><div class=\"fusion-title title fusion-title-4 fusion-title-text fusion-title-size-two\"><div class=\"title-sep-container title-sep-container-left fusion-no-large-visibility fusion-no-medium-visibility fusion-no-small-visibility\"><div class=\"title-sep sep-double sep-solid\" style=\"border-color:#e0dede;\"><\/div><\/div><span class=\"awb-title-spacer fusion-no-large-visibility fusion-no-medium-visibility fusion-no-small-visibility\"><\/span><h2 class=\"fusion-title-heading title-heading-left\" style=\"margin:0;\"><strong>Bildungsurlaub in den Bundesl\u00e4ndern<\/strong><\/h2><span class=\"awb-title-spacer\"><\/span><div class=\"title-sep-container title-sep-container-right\"><div class=\"title-sep sep-double sep-solid\" style=\"border-color:#e0dede;\"><\/div><\/div><\/div><div class=\"fusion-text fusion-text-4\"><p>In den meisten deutschen Bundesl\u00e4ndern haben Arbeitnehmer die M\u00f6glichkeit, einmal im Jahr Bildungsurlaub zu beantragen, um an beruflichen oder politischen Weiterbildungen teilzunehmen. Dies ist in <strong>vierzehn der sechzehn Bundesl\u00e4nder m\u00f6glich<\/strong>.<\/p>\n<p>Allerdings k\u00f6nnen nur Weiterbildungen besucht werden, die von einem <strong>anerkannten Weiterbildungstr\u00e4ger<\/strong> durchgef\u00fchrt werden.<\/p>\n<p>Zudem muss das <strong>Seminar selbst eine Anerkennung erhalten<\/strong> haben. Hierbei ist von Bedeutung, dass das gew\u00e4hlte Seminar in dem Bundesland, in dem sich Ihr Arbeitsplatz befindet, anerkannt ist.<\/p>\n<\/div><div class=\"fusion-builder-row fusion-builder-row-inner fusion-row fusion-flex-align-items-flex-start fusion-flex-content-wrap\" style=\"width:104% !important;max-width:104% !important;margin-left: calc(-4% \/ 2 );margin-right: calc(-4% \/ 2 );\"><div class=\"fusion-layout-column fusion_builder_column_inner fusion-builder-nested-column-0 fusion_builder_column_inner_1_2 1_2 fusion-flex-column fusion-flex-align-self-center\" style=\"--awb-bg-size:cover;--awb-width-large:50%;--awb-margin-top-large:0px;--awb-spacing-right-large:3.84%;--awb-margin-bottom-large:20px;--awb-spacing-left-large:3.84%;--awb-width-medium:100%;--awb-order-medium:0;--awb-spacing-right-medium:1.92%;--awb-spacing-left-medium:1.92%;--awb-width-small:100%;--awb-order-small:0;--awb-spacing-right-small:1.92%;--awb-spacing-left-small:1.92%;\"><div class=\"fusion-column-wrapper fusion-column-has-shadow fusion-flex-justify-content-flex-start fusion-content-layout-column\"><div class=\"fusion-image-element \" style=\"--awb-caption-title-font-family:var(--h2_typography-font-family);--awb-caption-title-font-weight:var(--h2_typography-font-weight);--awb-caption-title-font-style:var(--h2_typography-font-style);--awb-caption-title-size:var(--h2_typography-font-size);--awb-caption-title-transform:var(--h2_typography-text-transform);--awb-caption-title-line-height:var(--h2_typography-line-height);--awb-caption-title-letter-spacing:var(--h2_typography-letter-spacing);\"><span class=\" fusion-imageframe imageframe-none imageframe-1 hover-type-none\"><img decoding=\"async\" width=\"400\" height=\"260\" title=\"Barraquito_Yaiza\" src=\"https:\/\/cocolingua.com\/wp-content\/uploads\/2023\/11\/Barraquito_Yaiza-scaled.jpeg\" data-orig-src=\"https:\/\/cocolingua.com\/wp-content\/uploads\/2023\/11\/Barraquito_Yaiza-400x260.jpeg\" alt class=\"lazyload img-responsive wp-image-17047\" srcset=\"data:image\/svg+xml,%3Csvg%20xmlns%3D%27http%3A%2F%2Fwww.w3.org%2F2000%2Fsvg%27%20width%3D%271445%27%20height%3D%27938%27%20viewBox%3D%270%200%201445%20938%27%3E%3Crect%20width%3D%271445%27%20height%3D%27938%27%20fill-opacity%3D%220%22%2F%3E%3C%2Fsvg%3E\" data-srcset=\"https:\/\/cocolingua.com\/wp-content\/uploads\/2023\/11\/Barraquito_Yaiza-200x130.jpeg 200w, https:\/\/cocolingua.com\/wp-content\/uploads\/2023\/11\/Barraquito_Yaiza-400x260.jpeg 400w, https:\/\/cocolingua.com\/wp-content\/uploads\/2023\/11\/Barraquito_Yaiza-600x389.jpeg 600w, https:\/\/cocolingua.com\/wp-content\/uploads\/2023\/11\/Barraquito_Yaiza-800x519.jpeg 800w, https:\/\/cocolingua.com\/wp-content\/uploads\/2023\/11\/Barraquito_Yaiza-1200x779.jpeg 1200w, https:\/\/cocolingua.com\/wp-content\/uploads\/2023\/11\/Barraquito_Yaiza-scaled.jpeg 1445w\" data-sizes=\"auto\" data-orig-sizes=\"(max-width: 1024px) 100vw, (max-width: 640px) 100vw, 600px\" \/><\/span><\/div><\/div><\/div><div class=\"fusion-layout-column fusion_builder_column_inner fusion-builder-nested-column-1 fusion_builder_column_inner_1_2 1_2 fusion-flex-column\" style=\"--awb-bg-size:cover;--awb-width-large:50%;--awb-margin-top-large:0px;--awb-spacing-right-large:3.84%;--awb-margin-bottom-large:20px;--awb-spacing-left-large:3.84%;--awb-width-medium:100%;--awb-order-medium:0;--awb-spacing-right-medium:1.92%;--awb-spacing-left-medium:1.92%;--awb-width-small:100%;--awb-order-small:0;--awb-spacing-right-small:1.92%;--awb-spacing-left-small:1.92%;\"><div class=\"fusion-column-wrapper fusion-column-has-shadow fusion-flex-justify-content-center fusion-content-layout-column\"><div class=\"fusion-image-element \" style=\"--awb-caption-title-font-family:var(--h2_typography-font-family);--awb-caption-title-font-weight:var(--h2_typography-font-weight);--awb-caption-title-font-style:var(--h2_typography-font-style);--awb-caption-title-size:var(--h2_typography-font-size);--awb-caption-title-transform:var(--h2_typography-text-transform);--awb-caption-title-line-height:var(--h2_typography-line-height);--awb-caption-title-letter-spacing:var(--h2_typography-letter-spacing);\"><span class=\" fusion-imageframe imageframe-none imageframe-2 hover-type-none\"><img decoding=\"async\" width=\"400\" height=\"267\" title=\"El Cuervo BU 2022\" src=\"https:\/\/cocolingua.com\/wp-content\/uploads\/2023\/11\/El-Cuervo-BU-2022-scaled.jpg\" data-orig-src=\"https:\/\/cocolingua.com\/wp-content\/uploads\/2023\/11\/El-Cuervo-BU-2022-400x267.jpg\" alt class=\"lazyload img-responsive wp-image-17053\" srcset=\"data:image\/svg+xml,%3Csvg%20xmlns%3D%27http%3A%2F%2Fwww.w3.org%2F2000%2Fsvg%27%20width%3D%271445%27%20height%3D%27963%27%20viewBox%3D%270%200%201445%20963%27%3E%3Crect%20width%3D%271445%27%20height%3D%27963%27%20fill-opacity%3D%220%22%2F%3E%3C%2Fsvg%3E\" data-srcset=\"https:\/\/cocolingua.com\/wp-content\/uploads\/2023\/11\/El-Cuervo-BU-2022-200x133.jpg 200w, https:\/\/cocolingua.com\/wp-content\/uploads\/2023\/11\/El-Cuervo-BU-2022-400x267.jpg 400w, https:\/\/cocolingua.com\/wp-content\/uploads\/2023\/11\/El-Cuervo-BU-2022-600x400.jpg 600w, https:\/\/cocolingua.com\/wp-content\/uploads\/2023\/11\/El-Cuervo-BU-2022-800x533.jpg 800w, https:\/\/cocolingua.com\/wp-content\/uploads\/2023\/11\/El-Cuervo-BU-2022-1200x800.jpg 1200w, https:\/\/cocolingua.com\/wp-content\/uploads\/2023\/11\/El-Cuervo-BU-2022-scaled.jpg 1445w\" data-sizes=\"auto\" data-orig-sizes=\"(max-width: 1024px) 100vw, (max-width: 640px) 100vw, 600px\" \/><\/span><\/div><\/div><\/div><\/div><\/div><\/div><\/div><\/div><div class=\"fusion-fullwidth fullwidth-box fusion-builder-row-2 fusion-flex-container nonhundred-percent-fullwidth non-hundred-percent-height-scrolling\" style=\"--awb-border-radius-top-left:0px;--awb-border-radius-top-right:0px;--awb-border-radius-bottom-right:0px;--awb-border-radius-bottom-left:0px;--awb-padding-top:30px;--awb-padding-right:30px;--awb-padding-bottom:30px;--awb-padding-left:30px;--awb-background-color:#f7f7f7;--awb-flex-wrap:wrap;\" ><div class=\"fusion-builder-row fusion-row fusion-flex-align-items-flex-start fusion-flex-content-wrap\" style=\"max-width:1144px;margin-left: calc(-4% \/ 2 );margin-right: calc(-4% \/ 2 );\"><div class=\"fusion-layout-column fusion_builder_column fusion-builder-column-1 fusion_builder_column_1_1 1_1 fusion-flex-column\" style=\"--awb-bg-size:cover;--awb-width-large:100%;--awb-margin-top-large:0px;--awb-spacing-right-large:1.92%;--awb-margin-bottom-large:20px;--awb-spacing-left-large:1.92%;--awb-width-medium:100%;--awb-order-medium:0;--awb-spacing-right-medium:1.92%;--awb-spacing-left-medium:1.92%;--awb-width-small:100%;--awb-order-small:0;--awb-spacing-right-small:1.92%;--awb-spacing-left-small:1.92%;\"><div class=\"fusion-column-wrapper fusion-column-has-shadow fusion-flex-justify-content-flex-start fusion-content-layout-column\"><div class=\"fusion-text fusion-text-5\"><h3><strong>Bildungsurlaub NRW (Nordrhein-Westfalen)<\/strong><\/h3>\n<p>In Nordrhein-Westfalen haben Arbeitnehmer die M\u00f6glichkeit, sich<strong> bis zu 5 Arbeitstage pro Jahr<\/strong> f\u00fcr berufliche Weiterbildung freistellen zu lassen.<\/p>\n<p>Um Anspruch auf Bildungsurlaub zu haben, m\u00fcssen Arbeitnehmer<strong> mindestens 6 Monate in einem Unternehmen besch\u00e4ftigt sein<\/strong>. Au\u00dferdem darf sich der Bildungsort <strong>nicht mehr als 500 km von der Landesgrenze von NRW entfernt<\/strong> befinden.<\/p>\n<p>Die genauen Regelungen f\u00fcr Bildungsurlaub in Nordrhein-Westfalen sind im <a href=\"https:\/\/recht.nrw.de\/lmi\/owa\/br_bes_text?anw_nr=2&amp;gld_nr=8&amp;ugl_nr=800&amp;bes_id=3853&amp;menu=0&amp;sg=0&amp;aufgehoben=N&amp;keyword=awbg#det0\" target=\"_blank\" rel=\"noopener\">Arbeitnehmerweiterbildungsgesetz NRW (AWbG)<\/a> festgelegt.<\/p>\n<h3><strong>Bildungsurlaub Hessen<\/strong><\/h3>\n<p>In Hessen haben Arbeitnehmer ebenfalls Anspruch auf <strong>bis zu f\u00fcnf Tage Bildungsurlaub pro Jahr<\/strong>, sofern sie mindestens sechs Monate im Besch\u00e4ftigungsverh\u00e4ltnis stehen.<\/p>\n<p>Der <strong>Antrag auf Bildungsurlaub muss sp\u00e4testens 6 Wochen vor Kursbeginn<\/strong> beim Arbeitgeber gestellt werden. Beachten Sie jedoch, dass der Anspruch auf Bildungsurlaub auf maximal 33 % der Besch\u00e4ftigten pro Jahr beschr\u00e4nkt ist.<\/p>\n<p>Beamtinnen und Beamte haben keinen Anspruch auf Bildungsurlaub in Hessen. N\u00e4here Infos finden Sie auf der <a href=\"https:\/\/www.bildungsportal-hessen.de\/g12271\" target=\"_blank\" rel=\"noopener\">Website des Vereins Weiterbildung Hessen e.V.<\/a><\/p>\n<h3><strong>Bildungsurlaub Niedersachsen<\/strong><\/h3>\n<p>In Niedersachsen gilt \u00c4hnliches: Arbeitnehmer haben das Recht auf <strong>bis zu f\u00fcnf Tage Bildungsurlaub pro Jahr<\/strong>, vorausgesetzt, sie arbeiten an f\u00fcnf Tagen pro Woche. Dieser Bildungsurlaub kann auch auf das Vorjahr zur\u00fcckgegriffen werden.<\/p>\n<p>T\u00e4glich sollten durchschnittlich sechs Zeitstunden Unterricht abgehalten werden. Es sind auch <strong>Online- sowie Hybridveranstaltungen m\u00f6glich<\/strong>. Die <a href=\"https:\/\/www.bildungsurlaub-niedersachsen.de\/\" target=\"_blank\" rel=\"noopener\">Antragstellung<\/a> ist fr\u00fchestens nach sechs Monaten im Besch\u00e4ftigungsverh\u00e4ltnis m\u00f6glich.<\/p>\n<h3><strong>Bildungsurlaub Berlin<\/strong><\/h3>\n<p>In Berlin haben Vollzeitbesch\u00e4ftigte j\u00e4hrlich das Recht auf <strong>f\u00fcnf Tage Bildungszeit<\/strong>, f\u00fcr die sie von der Arbeit freigestellt werden k\u00f6nnen. Es besteht auch die Option, die Bildungszeit des aktuellen Jahres mit der des folgenden Jahres zu b\u00fcndeln, wodurch <strong>bis zu zehn Tage in einem Jahr<\/strong> m\u00f6glich sind.<\/p>\n<p>W\u00e4hrend der Freistellung f\u00fcr anerkannte Bildungsma\u00dfnahmen ist die Teilnahme w\u00e4hrend der Arbeitszeit erlaubt, und das Arbeitsentgelt wird weiterhin gezahlt. Die <strong>Kosten f\u00fcr den Kurs tragen die Besch\u00e4ftigten<\/strong> selbst.<\/p>\n<p>N\u00e4here Infos finden Sie auf <a href=\"https:\/\/www.berlin.de\/sen\/arbeit\/weiterbildung\/bildungszeit\/\" target=\"_blank\" rel=\"noopener\">Berlin.de<\/a><\/p>\n<h3><strong>Bildungsurlaub Hamburg<\/strong><\/h3>\n<p>In Hamburg haben Arbeitnehmer das Recht auf <strong>bis zu zehn bezahlte Arbeitstage<\/strong> f\u00fcr berufliche Weiterbildungen, die<strong> innerhalb von zwei Jahren<\/strong> in Anspruch genommen werden k\u00f6nnen.<\/p>\n<p>Die Kosten f\u00fcr die Freistellung von der Arbeit tr\u00e4gt der Arbeitgeber, w\u00e4hrend die <strong>Kursgeb\u00fchren vom Teilnehmer selbst zu tragen<\/strong> sind. N\u00e4here Infos finden Sie auf <a href=\"https:\/\/bildungsurlaub-hamburg.de\/g160\" target=\"_blank\" rel=\"noopener\">Bildungsurlaub-Hamburg.de<\/a><\/p>\n<h3><strong>\u200bBildungsurlaub Bayern \/ Bildungsurlaub Sachsen<\/strong><\/h3>\n<p>In Bayern, wie auch in Sachsen, gibt es <strong>keinen gesetzlichen Anspruch auf Bildungsurlaub<\/strong>. F\u00fcr Arbeitnehmer dieser beiden Bundesl\u00e4nder bedeutet dies, dass Weiterbildungen nur w\u00e4hrend des regul\u00e4ren Erholungsurlaubs m\u00f6glich sind.<\/p>\n<h3><strong>Bildungsurlaub Th\u00fcringen<\/strong><\/h3>\n<p>Besch\u00e4ftigte in Th\u00fcringen haben das Recht, sich von ihrem Arbeitgeber f\u00fcr <strong>bis zu f\u00fcnf Tage pro Jahr<\/strong> freistellen zu lassen, um an Weiterbildungen teilzunehmen. W\u00e4hrend dieser Freistellung wird das Arbeitsentgelt weiterhin gezahlt.<\/p>\n<p>Weitere Infos finden Sie unter <a href=\"https:\/\/www.bildungsfreistellung.de\/\" target=\"_blank\" rel=\"noopener\">Bildungsfreistellung.de<\/a><\/p>\n<h3><strong>Bildungsurlaub RLP (Rheinland-Pfalz)<\/strong><\/h3>\n<p>In Rheinland-Pfalz haben Arbeitnehmer das Recht auf<strong> zehn Tage Freistellung von der Arbeit in einem Zeitraum von zwei Kalenderjahren<\/strong>, um an Weiterbildungsma\u00dfnahmen teilzunehmen, wobei der Arbeitgeber das Arbeitsentgelt w\u00e4hrend dieser Zeit weiterzahlt.<\/p>\n<p>Alle wichtigen Informationen zum Bildungsurlaub in RLP finden Sie auf der Website des <a href=\"https:\/\/mastd.rlp.de\/themen\/weiterbildung\/bildungsfreistellung\" target=\"_blank\" rel=\"noopener\">Ministeriums f\u00fcr Arbeit, Soziales, Transformation und Digitalisierung.<\/a><\/p>\n<h3><strong>Bildungsurlaub Saarland<\/strong><\/h3>\n<p>Im Saarland haben Arbeitnehmer das Recht auf bis zu <strong>6 Arbeitstage Bildungsurlaub pro Kalenderjahr<\/strong>. Die Antragsfrist betr\u00e4gt 6 Wochen vor Beginn des Bildungsurlaubs, und die Freistellung ist <strong>fr\u00fchestens 12 Monate nach Bestehen des Besch\u00e4ftigungsverh\u00e4ltnisses<\/strong> m\u00f6glich.<\/p>\n<p>Sie finden alle wichtigen Informationen zum Bildungsurlaub im Saarland auf <a href=\"https:\/\/www.saarland.de\/mbk\/DE\/portale\/weiterbildung\/bildungsfreistellung\/bildungsfreistellung_node.html\" target=\"_blank\" rel=\"noopener\">Saarland.de<\/a>.<\/p>\n<h3><strong>Bildungsurlaub Brandenburg<\/strong><\/h3>\n<p>Arbeitnehmer in Brandenburg k\u00f6nnen <strong>alle zwei Kalenderjahre bis zu 10 Arbeitstage<\/strong> Bildungsurlaub in Anspruch nehmen. Die Antragsfrist betr\u00e4gt 6 Wochen vor Beginn des Bildungsurlaubs.<\/p>\n<p>Weitere Informationen zum Bildungsurlaub in Brandenburg finden Sie auf der Website des Landes Brandenburg.<\/p>\n<h3><strong>Bildungsurlaub Sachsen-Anhalt<\/strong><\/h3>\n<p>In Sachsen-Anhalt haben Arbeitnehmer das Recht auf <strong>bis zu 14 Arbeitstage Bildungsurlaub alle zwei Kalenderjahre<\/strong>. Die Antragsfrist betr\u00e4gt 6 Wochen vor Beginn des Bildungsurlaubs.<\/p>\n<p>Alle wichtigen Informationen zum Bildungsurlaub in Sachsen-Anhalt finden Sie beim <a href=\"https:\/\/lvwa.sachsen-anhalt.de\/das-lvwa\/kommunales-ordnung-verbraucherschutz-migration\/landesamt-zur-regelung-offener-vermoegensfragen-2-sed-unrechtsbereinigungsgesetz-integration-bildung-ausbildungsfoerderung\/bildung-bafoeg\/bildungsfreistellung\/bildungsfreistellung\" target=\"_blank\" rel=\"noopener\">Landesverwaltungsamt Sachsen-Anhalt<\/a>.<\/p>\n<h3><strong>Bildungsurlaub Bremen<\/strong><\/h3>\n<p>Arbeitnehmer in Bremen k\u00f6nnen alle zwei Kalenderjahre<strong> bis zu 10 Arbeitstage Bildungsurlaub<\/strong> in Anspruch nehmen. Die Antragsfrist betr\u00e4gt 4 Wochen vor Beginn des Bildungsurlaubs.<\/p>\n<p>Weitere Informationen zum Bildungsurlaub in Bremen finden Sie auf <a href=\"https:\/\/www.bremen.de\/bildung-und-beruf\/fort-und-weiterbildung\/bildungszeit\" target=\"_blank\" rel=\"noopener\">Bremen.de<\/a>.<\/p>\n<h3><strong>Bildungsurlaub Schleswig-Holstein<\/strong><\/h3>\n<p>In Schleswig-Holstein haben Arbeitnehmer das Recht auf <strong>bis zu 10 Arbeitstage Bildungsurlaub alle 2 Kalenderjahre<\/strong>. Die Antragsfrist betr\u00e4gt 6 Wochen vor Beginn des Bildungsurlaubs.<\/p>\n<p>Sie finden alle wichtigen Informationen zum Bildungsurlaub in Schleswig-Holstein auf <a href=\"https:\/\/www.schleswig-holstein.de\/DE\/landesregierung\/themen\/bildung-hochschulen\/bildungsfreistellung-bildungsurlaub\/bildungsfreistellung-bildungsurlaub_node.html\" target=\"_blank\" rel=\"noopener\">Schleswig-Holstein.de<\/a>.<\/p>\n<h3><strong>Bildungsurlaub MV (Mecklenburg-Vorpommern)<\/strong><\/h3>\n<p>Arbeitnehmer in Mecklenburg-Vorpommern k\u00f6nnen <strong>j\u00e4hrlich bis zu 5 Arbeitstage Bildungsurlaub<\/strong> in Anspruch nehmen. Die Antragsfrist betr\u00e4gt 8 Wochen vor Beginn des Bildungsurlaubs.<\/p>\n<p>Ein Sprachkurs im Ausland ist nur dann als Bildungsurlaub anerkennungsf\u00e4hig, wenn der Lernende einen direkten beruflichen Bezug nachweisen kann.<\/p>\n<p>In der Vergangenheit waren unsere Sprachkurse in Mecklenburg-Vorpommern wie in vielen anderen Bundesl\u00e4ndern auch als Bildungsurlaub anerkannt. Leider verweigert das Land Mecklenburg-Vorpommern Sprachkursen im Ausland seit 2020 die Anerkennung als Bildungsurlaub unter Bezugnahme auf \u00a74 Nr. 3 Weiterbildungsf\u00f6rderungsgesetz Mecklenburg-Vorpommern. Diesem Paragrafen zufolge hat die berufliche Weiterbildung die Aufgabe, vorhandene berufliche Kompetenzen und Qualifikationen zu erhalten, zu erweitern und dem wirtschaftlichen und technologischen Wandel in der Berufs- und Arbeitswelt anzupassen.<\/p>\n<p>Dieser Auslegung zufolge muss ein Sprachkurs einen erkennbaren inhaltlichen Bezug zum ausge\u00fcbten Beruf des Teilnehmers oder der Teilnehmerin haben. Wenn Sie diesen Bezug darstellen k\u00f6nnen, bem\u00fchen wir uns gerne um eine Anerkennung.<\/p>\n<p>Weitere Informationen zum Bildungsurlaub in Mecklenburg-Vorpommern finden Sie auf <a href=\"https:\/\/www.regierung-mv.de\/Landesregierung\/bm\/Erwachsenenbildung\/Bildungsfreistellung\/#:~:text=Grundlage%20ist%20das%20Bildungsfreistellungsgesetz%2C%20das,eine%20Weiterbildung%20freigestellt%20zu%20werden.\" target=\"_blank\" rel=\"noopener\">Regierung-mv.de<\/a>.<\/p>\n<h3><strong>Bildungsurlaub BW (Baden-W\u00fcrttemberg)<\/strong><\/h3>\n<p>In Baden-W\u00fcrttemberg haben Arbeitnehmer das Recht auf <strong>bis zu 5 Arbeitstage Bildungsurlaub pro Kalenderjahr<\/strong>. Die Antragsfrist betr\u00e4gt 8 Wochen vor Beginn des Bildungsurlaubs.<\/p>\n<p>Alle wichtigen Informationen zum Bildungsurlaub in Baden-W\u00fcrttemberg finden Sie bei den <a href=\"https:\/\/rp.baden-wuerttemberg.de\/themen\/\" target=\"_blank\" rel=\"noopener\">Regierungspr\u00e4sidien Baden-W\u00fcrttemberg<\/a>.<\/p>\n<\/div><\/div><\/div><\/div><\/div><div class=\"fusion-fullwidth fullwidth-box fusion-builder-row-3 fusion-flex-container nonhundred-percent-fullwidth non-hundred-percent-height-scrolling\" style=\"--awb-border-radius-top-left:0px;--awb-border-radius-top-right:0px;--awb-border-radius-bottom-right:0px;--awb-border-radius-bottom-left:0px;--awb-margin-top:30px;--awb-flex-wrap:wrap;\" ><div class=\"fusion-builder-row fusion-row fusion-flex-align-items-flex-start fusion-flex-content-wrap\" style=\"max-width:1144px;margin-left: calc(-4% \/ 2 );margin-right: calc(-4% \/ 2 );\"><div class=\"fusion-layout-column fusion_builder_column fusion-builder-column-2 fusion_builder_column_1_1 1_1 fusion-flex-column\" style=\"--awb-bg-size:cover;--awb-width-large:100%;--awb-margin-top-large:0px;--awb-spacing-right-large:1.92%;--awb-margin-bottom-large:20px;--awb-spacing-left-large:1.92%;--awb-width-medium:100%;--awb-order-medium:0;--awb-spacing-right-medium:1.92%;--awb-spacing-left-medium:1.92%;--awb-width-small:100%;--awb-order-small:0;--awb-spacing-right-small:1.92%;--awb-spacing-left-small:1.92%;\"><div class=\"fusion-column-wrapper fusion-column-has-shadow fusion-flex-justify-content-flex-start fusion-content-layout-column\"><div class=\"fusion-title title fusion-title-5 fusion-title-text fusion-title-size-two\"><div class=\"title-sep-container title-sep-container-left fusion-no-large-visibility fusion-no-medium-visibility fusion-no-small-visibility\"><div class=\"title-sep sep-double sep-solid\" style=\"border-color:#e0dede;\"><\/div><\/div><span class=\"awb-title-spacer fusion-no-large-visibility fusion-no-medium-visibility fusion-no-small-visibility\"><\/span><h2 class=\"fusion-title-heading title-heading-left\" style=\"margin:0;\"><strong>Co Co Lingua: Ihr Partner f\u00fcr eine inspirierende Bildungsreise<\/strong><\/h2><span class=\"awb-title-spacer\"><\/span><div class=\"title-sep-container title-sep-container-right\"><div class=\"title-sep sep-double sep-solid\" style=\"border-color:#e0dede;\"><\/div><\/div><\/div><div class=\"fusion-text fusion-text-6\"><p>Mit Co Co Lingua k\u00f6nnen Sie <strong>Ihren Bildungsurlaub in ein unvergessliches Erlebnis verwandeln<\/strong>. Reisen Sie im Rahmen eines <a href=\"https:\/\/cocolingua.com\/de\/bildungsurlaub-spanisch-online\/\">Online-Bildungsurlaubs<\/a> virtuell auf die Kanaren und machen Sie eine individuelle Lernerfahrung oder <a href=\"https:\/\/cocolingua.com\/bildungsurlaub-spanien\/\">besuchen Sie unsere Sprachschule vor Ort<\/a> auf der atemberaubenden kanarischen Insel Lanzarote.<\/p>\n<p>Unsere <strong>qualifizierten und erfahrenen Lehrkr\u00e4fte<\/strong> sind spanische Muttersprachler\/-innen mit umfassenden Deutschkenntnissen.<\/p>\n<p><strong>Ihr individueller Lernfortschritt steht im Mittelpunkt<\/strong> unseres Spanischunterrichts, unabh\u00e4ngig davon, ob Sie spezielle Anforderungen an berufsspezifisches Spanisch-Vokabular, Alltagsausdr\u00fccke oder andere Sprachbed\u00fcrfnisse haben.<\/p>\n<\/div><div class=\"fusion-title title fusion-title-6 fusion-title-text fusion-title-size-three\"><div class=\"title-sep-container title-sep-container-left fusion-no-large-visibility fusion-no-medium-visibility fusion-no-small-visibility\"><div class=\"title-sep sep-double sep-solid\" style=\"border-color:#e0dede;\"><\/div><\/div><span class=\"awb-title-spacer fusion-no-large-visibility fusion-no-medium-visibility fusion-no-small-visibility\"><\/span><h3 class=\"fusion-title-heading title-heading-left\" style=\"margin:0;\">Auf Ihr Sprachniveau zugeschnittene Spanischkurse<\/h3><span class=\"awb-title-spacer\"><\/span><div class=\"title-sep-container title-sep-container-right\"><div class=\"title-sep sep-double sep-solid\" style=\"border-color:#e0dede;\"><\/div><\/div><\/div><div class=\"fusion-text fusion-text-7\"><p>Unsere Spanisch-Intensivkurse sind <strong>auf verschiedene Sprachniveaus zugeschnitten<\/strong>, angefangen bei A1 und A2 bis hin zu B1 und B2.<\/p>\n<p><strong>In kleinen Gruppen<\/strong>, in denen die Teilnehmerzahl auf maximal sechs begrenzt ist, haben Sie die M\u00f6glichkeit, Ihr Wissen zu vertiefen und es in der Praxis anzuwenden.<\/p>\n<p>Um sicherzustellen, dass der Kurs optimal Ihrem aktuellen Sprachniveau entspricht, bieten wir einen <a href=\"https:\/\/cocolingua.com\/test-de-niveau\/\">Einstufungstest<\/a> an. Dieser kurze und effiziente Test erm\u00f6glicht es uns, Ihre Sprachf\u00e4higkeiten genau zu bewerten und eine <strong>ma\u00dfgeschneiderte Lernerfahrung<\/strong> f\u00fcr Sie zu schaffen.<\/p>\n<p>Auf diese Weise legen wir ein stabiles Fundament f\u00fcr schnelle Fortschritte w\u00e4hrend Ihres Bildungsurlaubs.<\/p>\n<\/div><div ><a class=\"fusion-button button-flat fusion-button-default-size button-default fusion-button-default button-1 fusion-button-default-span fusion-button-default-type\" target=\"_self\" href=\"https:\/\/cocolingua.com\/test-de-niveau\/\"><span class=\"fusion-button-text awb-button__text awb-button__text--default\">Zum Einstufungstest<\/span><\/a><\/div><div class=\"fusion-title title fusion-title-7 fusion-title-text fusion-title-size-two\" style=\"--awb-margin-top:30px;\"><div class=\"title-sep-container title-sep-container-left fusion-no-large-visibility fusion-no-medium-visibility fusion-no-small-visibility\"><div class=\"title-sep sep-double sep-solid\" style=\"border-color:#e0dede;\"><\/div><\/div><span class=\"awb-title-spacer fusion-no-large-visibility fusion-no-medium-visibility fusion-no-small-visibility\"><\/span><h2 class=\"fusion-title-heading title-heading-left\" style=\"margin:0;\"><strong>Erkunden Sie das Bildungsurlaubsangebot von Co Co Lingua<\/strong><\/h2><span class=\"awb-title-spacer\"><\/span><div class=\"title-sep-container title-sep-container-right\"><div class=\"title-sep sep-double sep-solid\" style=\"border-color:#e0dede;\"><\/div><\/div><\/div><div class=\"fusion-text fusion-text-8\"><p>Bei uns steht nicht nur das Lernen im Mittelpunkt, sondern auch die M\u00f6glichkeit, neue Erfahrungen zu sammeln und die Welt zu entdecken. Entdecken Sie unser Bildungsangebot:<\/p>\n<\/div><div class=\"fusion-builder-row fusion-builder-row-inner fusion-row fusion-flex-align-items-flex-start fusion-flex-content-wrap\" style=\"width:104% !important;max-width:104% !important;margin-left: calc(-4% \/ 2 );margin-right: calc(-4% \/ 2 );\"><div class=\"fusion-layout-column fusion_builder_column_inner fusion-builder-nested-column-2 fusion_builder_column_inner_1_2 1_2 fusion-flex-column fusion-flex-align-self-center\" style=\"--awb-bg-size:cover;--awb-width-large:50%;--awb-margin-top-large:0px;--awb-spacing-right-large:3.84%;--awb-margin-bottom-large:20px;--awb-spacing-left-large:3.84%;--awb-width-medium:100%;--awb-order-medium:0;--awb-spacing-right-medium:1.92%;--awb-spacing-left-medium:1.92%;--awb-width-small:100%;--awb-order-small:0;--awb-spacing-right-small:1.92%;--awb-spacing-left-small:1.92%;\"><div class=\"fusion-column-wrapper fusion-column-has-shadow fusion-flex-justify-content-flex-start fusion-content-layout-column\"><div class=\"fusion-image-element \" style=\"--awb-caption-title-font-family:var(--h2_typography-font-family);--awb-caption-title-font-weight:var(--h2_typography-font-weight);--awb-caption-title-font-style:var(--h2_typography-font-style);--awb-caption-title-size:var(--h2_typography-font-size);--awb-caption-title-transform:var(--h2_typography-text-transform);--awb-caption-title-line-height:var(--h2_typography-line-height);--awb-caption-title-letter-spacing:var(--h2_typography-letter-spacing);\"><span class=\" fusion-imageframe imageframe-none imageframe-3 hover-type-none\"><img decoding=\"async\" width=\"400\" height=\"300\" title=\"STRATVS 2022\" src=\"https:\/\/cocolingua.com\/wp-content\/uploads\/2023\/11\/STRATVS-2022-scaled.jpeg\" data-orig-src=\"https:\/\/cocolingua.com\/wp-content\/uploads\/2023\/11\/STRATVS-2022-400x300.jpeg\" alt class=\"lazyload img-responsive wp-image-17071\" srcset=\"data:image\/svg+xml,%3Csvg%20xmlns%3D%27http%3A%2F%2Fwww.w3.org%2F2000%2Fsvg%27%20width%3D%271445%27%20height%3D%271084%27%20viewBox%3D%270%200%201445%201084%27%3E%3Crect%20width%3D%271445%27%20height%3D%271084%27%20fill-opacity%3D%220%22%2F%3E%3C%2Fsvg%3E\" data-srcset=\"https:\/\/cocolingua.com\/wp-content\/uploads\/2023\/11\/STRATVS-2022-200x150.jpeg 200w, https:\/\/cocolingua.com\/wp-content\/uploads\/2023\/11\/STRATVS-2022-400x300.jpeg 400w, https:\/\/cocolingua.com\/wp-content\/uploads\/2023\/11\/STRATVS-2022-600x450.jpeg 600w, https:\/\/cocolingua.com\/wp-content\/uploads\/2023\/11\/STRATVS-2022-800x600.jpeg 800w, https:\/\/cocolingua.com\/wp-content\/uploads\/2023\/11\/STRATVS-2022-1200x900.jpeg 1200w, https:\/\/cocolingua.com\/wp-content\/uploads\/2023\/11\/STRATVS-2022-scaled.jpeg 1445w\" data-sizes=\"auto\" data-orig-sizes=\"(max-width: 1024px) 100vw, (max-width: 640px) 100vw, 600px\" \/><\/span><\/div><\/div><\/div><div class=\"fusion-layout-column fusion_builder_column_inner fusion-builder-nested-column-3 fusion_builder_column_inner_1_2 1_2 fusion-flex-column\" style=\"--awb-bg-size:cover;--awb-width-large:50%;--awb-margin-top-large:0px;--awb-spacing-right-large:3.84%;--awb-margin-bottom-large:20px;--awb-spacing-left-large:3.84%;--awb-width-medium:100%;--awb-order-medium:0;--awb-spacing-right-medium:1.92%;--awb-spacing-left-medium:1.92%;--awb-width-small:100%;--awb-order-small:0;--awb-spacing-right-small:1.92%;--awb-spacing-left-small:1.92%;\"><div class=\"fusion-column-wrapper fusion-column-has-shadow fusion-flex-justify-content-center fusion-content-layout-column\"><div class=\"fusion-image-element \" style=\"--awb-caption-title-font-family:var(--h2_typography-font-family);--awb-caption-title-font-weight:var(--h2_typography-font-weight);--awb-caption-title-font-style:var(--h2_typography-font-style);--awb-caption-title-size:var(--h2_typography-font-size);--awb-caption-title-transform:var(--h2_typography-text-transform);--awb-caption-title-line-height:var(--h2_typography-line-height);--awb-caption-title-letter-spacing:var(--h2_typography-letter-spacing);\"><span class=\" fusion-imageframe imageframe-none imageframe-4 hover-type-none\"><img decoding=\"async\" width=\"400\" height=\"300\" title=\"En la clase de espa\u00f1ol con Irene\" src=\"https:\/\/cocolingua.com\/wp-content\/uploads\/2023\/11\/En-la-clase-de-espanol-con-Irene-scaled.jpeg\" data-orig-src=\"https:\/\/cocolingua.com\/wp-content\/uploads\/2023\/11\/En-la-clase-de-espanol-con-Irene-400x300.jpeg\" alt class=\"lazyload img-responsive wp-image-17059\" srcset=\"data:image\/svg+xml,%3Csvg%20xmlns%3D%27http%3A%2F%2Fwww.w3.org%2F2000%2Fsvg%27%20width%3D%271445%27%20height%3D%271084%27%20viewBox%3D%270%200%201445%201084%27%3E%3Crect%20width%3D%271445%27%20height%3D%271084%27%20fill-opacity%3D%220%22%2F%3E%3C%2Fsvg%3E\" data-srcset=\"https:\/\/cocolingua.com\/wp-content\/uploads\/2023\/11\/En-la-clase-de-espanol-con-Irene-200x150.jpeg 200w, https:\/\/cocolingua.com\/wp-content\/uploads\/2023\/11\/En-la-clase-de-espanol-con-Irene-400x300.jpeg 400w, https:\/\/cocolingua.com\/wp-content\/uploads\/2023\/11\/En-la-clase-de-espanol-con-Irene-600x450.jpeg 600w, https:\/\/cocolingua.com\/wp-content\/uploads\/2023\/11\/En-la-clase-de-espanol-con-Irene-800x600.jpeg 800w, https:\/\/cocolingua.com\/wp-content\/uploads\/2023\/11\/En-la-clase-de-espanol-con-Irene-1200x900.jpeg 1200w, https:\/\/cocolingua.com\/wp-content\/uploads\/2023\/11\/En-la-clase-de-espanol-con-Irene-scaled.jpeg 1445w\" data-sizes=\"auto\" data-orig-sizes=\"(max-width: 1024px) 100vw, (max-width: 640px) 100vw, 600px\" \/><\/span><\/div><\/div><\/div><\/div><div class=\"fusion-title title fusion-title-8 fusion-title-text fusion-title-size-three\"><div class=\"title-sep-container title-sep-container-left fusion-no-large-visibility fusion-no-medium-visibility fusion-no-small-visibility\"><div class=\"title-sep sep-double sep-solid\" style=\"border-color:#e0dede;\"><\/div><\/div><span class=\"awb-title-spacer fusion-no-large-visibility fusion-no-medium-visibility fusion-no-small-visibility\"><\/span><h3 class=\"fusion-title-heading title-heading-left\" style=\"margin:0;\"><a href=\"https:\/\/cocolingua.com\/de\/bildungsurlaub-lanzarote-vor-ort\/\">Bildungsurlaub auf Lanzarote \u2013 Vor Ort<\/a><\/h3><span class=\"awb-title-spacer\"><\/span><div class=\"title-sep-container title-sep-container-right\"><div class=\"title-sep sep-double sep-solid\" style=\"border-color:#e0dede;\"><\/div><\/div><\/div><div class=\"fusion-text fusion-text-9\"><p>Co Co Lingua bietet eine einzigartige M\u00f6glichkeit, Bildungsurlaub auf der wundersch\u00f6nen Insel Lanzarote zu absolvieren. Mit atemberaubenden Landschaften, mildem Klima und einer inspirierenden Atmosph\u00e4re bietet <strong>Lanzarote die ideale Kulisse f\u00fcr Ihre Bildungsreise<\/strong>.<\/p>\n<p>Unsere <strong>t\u00e4glichen Unterrichtseinheiten und praktischen \u00dcbungen<\/strong> erm\u00f6glichen es Ihnen, rasch und effizient Fortschritte zu machen.<\/p>\n<p>Sie k\u00f6nnen zwischen zwei Kursoptionen w\u00e4hlen:<\/p>\n<\/div><ul style=\"--awb-size:16px;--awb-iconcolor:#aa8b61;--awb-line-height:27.2px;--awb-icon-width:27.2px;--awb-icon-height:27.2px;--awb-icon-margin:11.2px;--awb-content-margin:38.4px;--awb-circlecolor:#ab8b65;--awb-circle-yes-font-size:14.08px;\" class=\"fusion-checklist fusion-checklist-1 fusion-checklist-default type-icons\"><li class=\"fusion-li-item\" style=\"\"><span class=\"icon-wrapper circle-yes\"><i class=\"fusion-li-icon fa-arrow-circle-right fas\" aria-hidden=\"true\"><\/i><\/span><div class=\"fusion-li-item-content\">\n<p><strong>\u200b\u200b40 Stunden Spanisch \u2013 Super-Intensivkurs vor Ort<\/strong> (anerkannt in Schleswig-Holstein, Hessen, Mecklenburg-Vorpommern und Niedersachsen)<\/p>\n<\/div><\/li><li class=\"fusion-li-item\" style=\"\"><span class=\"icon-wrapper circle-yes\"><i class=\"fusion-li-icon fa-arrow-circle-right fas\" aria-hidden=\"true\"><\/i><\/span><div class=\"fusion-li-item-content\">\n<p><strong>30 Stunden Spanisch \u2013 Super-Intensivkurs vor Ort<\/strong> (anerkannt in Berlin, Brandenburg, Hamburg, Rheinland-Pfalz und Saarland)<\/p>\n<\/div><\/li><\/ul><div class=\"fusion-text fusion-text-10\" style=\"--awb-margin-top:20px;\"><p>Der Spanischunterricht bietet eine <strong>strukturierte Lernumgebung<\/strong>, die auf Bildung und individuellen Fortschritt ausgerichtet ist.<\/p>\n<p>Die erworbenen Kenntnisse und F\u00e4higkeiten werden durch spannende kulturelle Aktivit\u00e4ten vertieft. Auf diese Weise wird ein <strong>unvergessliches Bildungserlebnis<\/strong> geschaffen, das weit \u00fcber die Grenzen des Klassenzimmers hinausgeht.<\/p>\n<p><strong>Mehr Informationen: <a href=\"https:\/\/cocolingua.com\/de\/bildungsurlaub-lanzarote-vor-ort\/\">Bildungsurlaub Lanzarote \u2013 Vor Ort<\/a><\/strong><\/p>\n<\/div><div class=\"fusion-title title fusion-title-9 fusion-title-text fusion-title-size-three\"><div class=\"title-sep-container title-sep-container-left fusion-no-large-visibility fusion-no-medium-visibility fusion-no-small-visibility\"><div class=\"title-sep sep-double sep-solid\" style=\"border-color:#e0dede;\"><\/div><\/div><span class=\"awb-title-spacer fusion-no-large-visibility fusion-no-medium-visibility fusion-no-small-visibility\"><\/span><h3 class=\"fusion-title-heading title-heading-left\" style=\"margin:0;\"><a href=\"https:\/\/cocolingua.com\/de\/bildungsurlaub-spanisch-online\/\">Online-Bildungsurlaub Spanisch<\/a><\/h3><span class=\"awb-title-spacer\"><\/span><div class=\"title-sep-container title-sep-container-right\"><div class=\"title-sep sep-double sep-solid\" style=\"border-color:#e0dede;\"><\/div><\/div><\/div><div class=\"fusion-text fusion-text-11\"><p>Falls Sie nicht reisen k\u00f6nnen oder m\u00f6chten, bietet Co Co Lingua auch Onlinekurse an. Mit diesen k\u00f6nnen Sie die <strong>spanische Sprache &amp; Kultur bequem von zu Hause aus entdecken<\/strong> oder auch von unterwegs aus lernen. Ein Online-Bildungsurlaub bietet maximale Flexibilit\u00e4t und l\u00e4sst sich nahtlos in Ihren Alltag integrieren.<\/p>\n<p>In Deutschland erf\u00e4hrt die Anerkennung und Akzeptanz von Online-Bildungsurlaub eine wachsende Entwicklung. In einigen Bundesl\u00e4ndern besteht sogar ein <strong>gesetzlicher Anspruch<\/strong> auf die Teilnahme an Online-Bildungsurlaub.<\/p>\n<p>Dies gilt insbesondere f\u00fcr:<\/p>\n<\/div><ul style=\"--awb-size:16px;--awb-iconcolor:#aa8b61;--awb-line-height:27.2px;--awb-icon-width:27.2px;--awb-icon-height:27.2px;--awb-icon-margin:11.2px;--awb-content-margin:38.4px;--awb-circlecolor:#ab8b65;--awb-circle-yes-font-size:14.08px;\" class=\"fusion-checklist fusion-checklist-2 fusion-checklist-default type-icons\"><li class=\"fusion-li-item\" style=\"\"><span class=\"icon-wrapper circle-yes\"><i class=\"fusion-li-icon fa-arrow-circle-right fas\" aria-hidden=\"true\"><\/i><\/span><div class=\"fusion-li-item-content\">Schleswig-Holstein<\/div><\/li><li class=\"fusion-li-item\" style=\"\"><span class=\"icon-wrapper circle-yes\"><i class=\"fusion-li-icon fa-arrow-circle-right fas\" aria-hidden=\"true\"><\/i><\/span><div class=\"fusion-li-item-content\">Sachsen-Anhalt<\/div><\/li><li class=\"fusion-li-item\" style=\"\"><span class=\"icon-wrapper circle-yes\"><i class=\"fusion-li-icon fa-arrow-circle-right fas\" aria-hidden=\"true\"><\/i><\/span><div class=\"fusion-li-item-content\">Saarland<\/div><\/li><li class=\"fusion-li-item\" style=\"\"><span class=\"icon-wrapper circle-yes\"><i class=\"fusion-li-icon fa-arrow-circle-right fas\" aria-hidden=\"true\"><\/i><\/span><div class=\"fusion-li-item-content\">Hamburg<\/div><\/li><li class=\"fusion-li-item\" style=\"\"><span class=\"icon-wrapper circle-yes\"><i class=\"fusion-li-icon fa-arrow-circle-right fas\" aria-hidden=\"true\"><\/i><\/span><div class=\"fusion-li-item-content\">Niedersachsen<\/div><\/li><\/ul><div class=\"fusion-text fusion-text-12\" style=\"--awb-margin-top:20px;\"><p>Die Online-Lerninhalte sind in verschiedene Abschnitte unterteilt, die gezielt auf <strong>unterschiedliche Aspekte der Sprachbildung<\/strong> eingehen. Diese Abschnitte umfassen<\/p>\n<\/div><ul style=\"--awb-size:16px;--awb-iconcolor:#aa8b61;--awb-line-height:27.2px;--awb-icon-width:27.2px;--awb-icon-height:27.2px;--awb-icon-margin:11.2px;--awb-content-margin:38.4px;--awb-circlecolor:#ab8b65;--awb-circle-yes-font-size:14.08px;\" class=\"fusion-checklist fusion-checklist-3 fusion-checklist-default type-icons\"><li class=\"fusion-li-item\" style=\"\"><span class=\"icon-wrapper circle-yes\"><i class=\"fusion-li-icon fa-arrow-circle-right fas\" aria-hidden=\"true\"><\/i><\/span><div class=\"fusion-li-item-content\">die Bearbeitung von Grammatik,<\/div><\/li><li class=\"fusion-li-item\" style=\"\"><span class=\"icon-wrapper circle-yes\"><i class=\"fusion-li-icon fa-arrow-circle-right fas\" aria-hidden=\"true\"><\/i><\/span><div class=\"fusion-li-item-content\">den Ausbau des Wortschatzes,<\/div><\/li><li class=\"fusion-li-item\" style=\"\"><span class=\"icon-wrapper circle-yes\"><i class=\"fusion-li-icon fa-arrow-circle-right fas\" aria-hidden=\"true\"><\/i><\/span><div class=\"fusion-li-item-content\">Saarlanddas \u00dcben von H\u00f6r- und Sprechf\u00e4higkeiten sowie<\/div><\/li><li class=\"fusion-li-item\" style=\"\"><span class=\"icon-wrapper circle-yes\"><i class=\"fusion-li-icon fa-arrow-circle-right fas\" aria-hidden=\"true\"><\/i><\/span><div class=\"fusion-li-item-content\">Hamburglebhafte Konversationen.<\/div><\/li><\/ul><div class=\"fusion-text fusion-text-13\" style=\"--awb-margin-top:20px;\"><p>Damit wird sichergestellt, dass Ihre Online-Bildungsreise<strong> sowohl strukturiert als auch effektiv<\/strong> verl\u00e4uft, ganz \u00e4hnlich wie bei Bildungsurlaub vor Ort.<\/p>\n<p>Unsere Online-Spanischkurse bieten Ihnen die <strong>Freiheit und Flexibilit\u00e4t,<\/strong> die Sie suchen. Die Unterrichtseinheiten finden morgens an jedem Wochentag statt, begleitet von interaktiven \u00dcbungen und kulturellen Aktivit\u00e4ten, mit denen Sie das Gelernte vertiefen k\u00f6nnen.<\/p>\n<p><strong>Mehr Informationen: <a href=\"https:\/\/cocolingua.com\/de\/bildungsurlaub-spanisch-online\/\">Online-Bildungsurlaub Spanisch<\/a><\/strong><\/p>\n<\/div><div class=\"fusion-title title fusion-title-10 fusion-title-text fusion-title-size-two\"><div class=\"title-sep-container title-sep-container-left fusion-no-large-visibility fusion-no-medium-visibility fusion-no-small-visibility\"><div class=\"title-sep sep-double sep-solid\" style=\"border-color:#e0dede;\"><\/div><\/div><span class=\"awb-title-spacer fusion-no-large-visibility fusion-no-medium-visibility fusion-no-small-visibility\"><\/span><h2 class=\"fusion-title-heading title-heading-left\" style=\"margin:0;\"><strong>\u200b\u200bBildungsurlaub beantragen: Lernen Sie, wachsen Sie, entdecken Sie<\/strong><\/h2><span class=\"awb-title-spacer\"><\/span><div class=\"title-sep-container title-sep-container-right\"><div class=\"title-sep sep-double sep-solid\" style=\"border-color:#e0dede;\"><\/div><\/div><\/div><div class=\"fusion-text fusion-text-14\"><p>Ob Online oder vor Ort auf Lanzarote \u2013 mit Co Co Lingua kann Ihre <strong>Bildungsreise sowohl lehrreich als auch inspirierend<\/strong> sein. Nutzen Sie diese Gelegenheit, um Ihre Sprachkenntnisse zu verbessern und gleichzeitig fremde Kulturen und neue Orte zu erkunden.<\/p>\n<p>Beantragen Sie jetzt Ihren Bildungsauftrag und starten Sie Ihre Lernreise mit Co Co Lingua, um Ihre <strong>beruflichen Perspektiven zu erweitern und Ihre pers\u00f6nlichen Ziele zu erreichen<\/strong>.<\/p>\n<p>Hier sind einige Schritte, wie Sie Ihren Bildungsurlaub beantragen und Ihre Bildungsreise beginnen k\u00f6nnen:<\/p>\n<ol>\n<li><strong>Informieren Sie sich fr\u00fchzeitig:<\/strong> Beginnen Sie damit, sich \u00fcber die Bildungsurlaubsbestimmungen in Ihrem Bundesland oder Ihrem Wunschzielort zu informieren. Die Anforderungen und Fristen k\u00f6nnen variieren, daher ist es wichtig, fr\u00fchzeitig Bescheid zu wissen.<\/li>\n<li><strong>W\u00e4hlen Sie das passende Programm:<\/strong> St\u00f6bern Sie auf der Co Co Lingua Website und w\u00e4hlen Sie das Bildungsurlaubsprogramm aus, das Ihren Bed\u00fcrfnissen am besten entspricht.<\/li>\n<li><strong>Kontaktieren Sie Ihren Arbeitgeber:<\/strong> Informieren Sie Ihren Arbeitgeber \u00fcber Ihre Pl\u00e4ne, Bildungsurlaub zu beantragen. Dies sollte in der Regel fr\u00fchzeitig geschehen, da Ihr Arbeitgeber Zeit ben\u00f6tigt, um Ihre Abwesenheit zu planen.<\/li>\n<li><strong>Beantragen Sie Ihren Bildungsurlaub:<\/strong> Stellen Sie den offiziellen Antrag f\u00fcr Bildungsurlaub bei Ihrem Arbeitgeber. In einigen Bundesl\u00e4ndern m\u00fcssen Sie m\u00f6glicherweise zus\u00e4tzlich die Zustimmung der Landesregierung einholen. Informieren Sie sich \u00fcber die spezifischen Anforderungen.<\/li>\n<li><strong>Melden Sie sich f\u00fcr das Programm an:<\/strong> Sobald Ihr Bildungsurlaub genehmigt ist, k\u00f6nnen Sie sich bei Co Co Lingua f\u00fcr Ihr gew\u00e4hltes Programm anmelden. Stellen Sie sicher, dass Sie alle erforderlichen Dokumente und Informationen bereithalten.<\/li>\n<\/ol>\n<p>Und schlie\u00dflich: <strong>Genie\u00dfen Sie Ihre Bildungsreise in vollen Z\u00fcgen!<\/strong> Nutzen Sie diese einzigartige Gelegenheit, Ihr Wissen zu erweitern, neue F\u00e4higkeiten zu erlernen und inspirierende Orte zu erkunden.<\/p>\n<p>Bildungsurlaub bedeutet nicht nur eine Investition in Ihre berufliche Zukunft, sondern auch eine <strong>Bereicherung f\u00fcr Ihre pers\u00f6nliche Entwicklung<\/strong>. Genie\u00dfen Sie diesen besonderen Bildungsprozess und lassen Sie sich von neuen Erkenntnissen und Erfahrungen bereichern.<\/p>\n<\/div><div ><a class=\"fusion-button button-flat fusion-button-default-size button-default fusion-button-default button-2 fusion-button-default-span fusion-button-default-type\" target=\"_self\" href=\"https:\/\/cocolingua.com\/de\/bildungsurlaub-spanisch\/\"><span class=\"fusion-button-text awb-button__text awb-button__text--default\">Jetzt informieren<\/span><\/a><\/div><\/div><\/div><\/div><\/div><\/p>\n","protected":false},"excerpt":{"rendered":"","protected":false},"author":6,"featured_media":13412,"comment_status":"closed","ping_status":"open","sticky":false,"template":"","format":"standard","meta":{"ngg_post_thumbnail":0,"footnotes":""},"categories":[2],"tags":[],"class_list":["post-13368","post","type-post","status-publish","format-standard","has-post-thumbnail","hentry","category-noticias"],"_links":{"self":[{"href":"https:\/\/cocolingua.com\/es\/wp-json\/wp\/v2\/posts\/13368","targetHints":{"allow":["GET"]}}],"collection":[{"href":"https:\/\/cocolingua.com\/es\/wp-json\/wp\/v2\/posts"}],"about":[{"href":"https:\/\/cocolingua.com\/es\/wp-json\/wp\/v2\/types\/post"}],"author":[{"embeddable":true,"href":"https:\/\/cocolingua.com\/es\/wp-json\/wp\/v2\/users\/6"}],"replies":[{"embeddable":true,"href":"https:\/\/cocolingua.com\/es\/wp-json\/wp\/v2\/comments?post=13368"}],"version-history":[{"count":45,"href":"https:\/\/cocolingua.com\/es\/wp-json\/wp\/v2\/posts\/13368\/revisions"}],"predecessor-version":[{"id":18843,"href":"https:\/\/cocolingua.com\/es\/wp-json\/wp\/v2\/posts\/13368\/revisions\/18843"}],"wp:featuredmedia":[{"embeddable":true,"href":"https:\/\/cocolingua.com\/es\/wp-json\/wp\/v2\/media\/13412"}],"wp:attachment":[{"href":"https:\/\/cocolingua.com\/es\/wp-json\/wp\/v2\/media?parent=13368"}],"wp:term":[{"taxonomy":"category","embeddable":true,"href":"https:\/\/cocolingua.com\/es\/wp-json\/wp\/v2\/categories?post=13368"},{"taxonomy":"post_tag","embeddable":true,"href":"https:\/\/cocolingua.com\/es\/wp-json\/wp\/v2\/tags?post=13368"}],"curies":[{"name":"wp","href":"https:\/\/api.w.org\/{rel}","templated":true}]}}