{"id":17879,"date":"2024-04-22T12:14:19","date_gmt":"2024-04-22T12:14:19","guid":{"rendered":"https:\/\/cocolingua.com\/?p=17879"},"modified":"2025-03-06T12:15:15","modified_gmt":"2025-03-06T12:15:15","slug":"arbeitgeber-verpflichtet-bildungsurlaub","status":"publish","type":"post","link":"https:\/\/cocolingua.com\/de\/arbeitgeber-verpflichtet-bildungsurlaub\/","title":{"rendered":"Ist der Arbeitgeber verpflichtet, Bildungsurlaub zu gew\u00e4hren?"},"content":{"rendered":"<p><div class=\"fusion-fullwidth fullwidth-box fusion-builder-row-1 fusion-flex-container has-pattern-background has-mask-background nonhundred-percent-fullwidth non-hundred-percent-height-scrolling\" style=\"--awb-border-radius-top-left:0px;--awb-border-radius-top-right:0px;--awb-border-radius-bottom-right:0px;--awb-border-radius-bottom-left:0px;--awb-flex-wrap:wrap;\" ><div class=\"fusion-builder-row fusion-row fusion-flex-align-items-flex-start fusion-flex-content-wrap\" style=\"max-width:1144px;margin-left: calc(-4% \/ 2 );margin-right: calc(-4% \/ 2 );\"><div class=\"fusion-layout-column fusion_builder_column fusion-builder-column-0 fusion_builder_column_1_1 1_1 fusion-flex-column\" style=\"--awb-bg-size:cover;--awb-width-large:100%;--awb-margin-top-large:0px;--awb-spacing-right-large:1.92%;--awb-margin-bottom-large:20px;--awb-spacing-left-large:1.92%;--awb-width-medium:100%;--awb-order-medium:0;--awb-spacing-right-medium:1.92%;--awb-spacing-left-medium:1.92%;--awb-width-small:100%;--awb-order-small:0;--awb-spacing-right-small:1.92%;--awb-spacing-left-small:1.92%;\"><div class=\"fusion-column-wrapper fusion-column-has-shadow fusion-flex-justify-content-flex-start fusion-content-layout-column\"><div class=\"fusion-text fusion-text-1\"><p>Sie m\u00f6chten gerne Bildungsurlaub nehmen, um sich beruflich und pers\u00f6nlich weiterzubilden? In diesem Beitrag erfahren Sie alles Wissenswerte dar\u00fcber, ob Arbeitgeber den Bildungsurlaub gew\u00e4hren m\u00fcssen. Wir beleuchten die gesetzlichen Bestimmungen und<strong> Ihre individuellen Anspr\u00fcche in den verschiedenen Bundesl\u00e4ndern.<\/strong><\/p>\n<p>Erfahren Sie mehr \u00fcber die rechtlichen Rahmenbedingungen, welche besonderen M\u00f6glichkeiten Ihnen ein Sprachkurs im Ausland bietet und wie Sie Ihren <strong>Anspruch auf Bildungsurlaub erfolgreich geltend machen<\/strong> k\u00f6nnen.<\/p>\n<\/div><div class=\"fusion-title title fusion-title-1 fusion-title-text fusion-title-size-two\" style=\"--awb-margin-top:20px;\"><div class=\"title-sep-container title-sep-container-left fusion-no-large-visibility fusion-no-medium-visibility fusion-no-small-visibility\"><div class=\"title-sep sep-double sep-solid\" style=\"border-color:#e0dede;\"><\/div><\/div><span class=\"awb-title-spacer fusion-no-large-visibility fusion-no-medium-visibility fusion-no-small-visibility\"><\/span><h2 class=\"fusion-title-heading title-heading-left\" style=\"margin:0;\">Bildungsurlaub in Deutschland: Gesetzliche Regelungen und Ausnahmen<\/h2><span class=\"awb-title-spacer\"><\/span><div class=\"title-sep-container title-sep-container-right\"><div class=\"title-sep sep-double sep-solid\" style=\"border-color:#e0dede;\"><\/div><\/div><\/div><div class=\"fusion-text fusion-text-2\"><p>Wenn Arbeitnehmer sich beruflich oder privat weiterbilden m\u00f6chten, steht ihnen<strong> in den meisten deutschen Bundesl\u00e4ndern<\/strong> der sogenannte Bildungsurlaub zu.<\/p>\n<p>Diese spezielle Form der bezahlten Freistellung von der Arbeit ist gesetzlich genau geregelt, um den Arbeitnehmern die M\u00f6glichkeit zu geben, sich <strong>au\u00dferhalb ihres regul\u00e4ren Urlaubszeitraums fortzubilden<\/strong>. Jedoch variieren die konkreten Bestimmungen und Regelungen zum Bildungsurlaub je nach Bundesland.<\/p>\n<\/div><\/div><\/div><\/div><\/div><div class=\"fusion-fullwidth fullwidth-box fusion-builder-row-2 fusion-flex-container has-pattern-background has-mask-background nonhundred-percent-fullwidth non-hundred-percent-height-scrolling\" style=\"--awb-border-sizes-top:1px;--awb-border-sizes-bottom:1px;--awb-border-sizes-left:1px;--awb-border-sizes-right:1px;--awb-border-color:var(--awb-color6);--awb-border-radius-top-left:0px;--awb-border-radius-top-right:0px;--awb-border-radius-bottom-right:0px;--awb-border-radius-bottom-left:0px;--awb-padding-top:2%;--awb-padding-right:2%;--awb-padding-bottom:2%;--awb-padding-left:2%;--awb-background-color:var(--awb-color2);--awb-flex-wrap:wrap;\" ><div class=\"fusion-builder-row fusion-row fusion-flex-align-items-center fusion-flex-content-wrap\" style=\"max-width:1144px;margin-left: calc(-4% \/ 2 );margin-right: calc(-4% \/ 2 );\"><div class=\"fusion-layout-column fusion_builder_column fusion-builder-column-1 fusion_builder_column_1_1 1_1 fusion-flex-column fusion-flex-align-self-center\" style=\"--awb-bg-size:cover;--awb-width-large:100%;--awb-margin-top-large:0px;--awb-spacing-right-large:1.92%;--awb-margin-bottom-large:20px;--awb-spacing-left-large:1.92%;--awb-width-medium:100%;--awb-order-medium:0;--awb-spacing-right-medium:1.92%;--awb-spacing-left-medium:1.92%;--awb-width-small:100%;--awb-order-small:0;--awb-spacing-right-small:1.92%;--awb-spacing-left-small:1.92%;\" data-scroll-devices=\"small-visibility,medium-visibility,large-visibility\"><div class=\"fusion-column-wrapper fusion-column-has-shadow fusion-flex-justify-content-center fusion-content-layout-column\"><div class=\"fusion-text fusion-text-3 fusion-text-no-margin\" style=\"--awb-margin-bottom:0px;\"><p><strong>In allen Bundesl\u00e4ndern au\u00dfer Bayern und Sachsen<\/strong> gibt es einen gesetzlichen Anspruch auf Bildungsurlaub. F\u00fcr Arbeitnehmer dieser beiden Bundesl\u00e4nder bedeutet dies, dass Weiterbildungen nur w\u00e4hrend des regul\u00e4ren Erholungsurlaubs m\u00f6glich sind.<\/p>\n<p>Die Dauer des Bildungsurlaubs in den restlichen 14 Bundesl\u00e4ndern betr\u00e4gt \u00fcblicherweise<strong> f\u00fcnf Tage pro Jahr oder zehn Tage alle zwei Jahre<\/strong>, vorausgesetzt, dass eine Betriebszugeh\u00f6rigkeit von mindestens sechs Monaten vorliegt. Eine Ausnahme bildet das Saarland, wo Arbeitnehmer Anspruch auf bis zu 6 Arbeitstage Bildungsurlaub pro Kalenderjahr haben.<\/p>\n<\/div><\/div><\/div><\/div><\/div><div class=\"fusion-fullwidth fullwidth-box fusion-builder-row-3 fusion-flex-container has-pattern-background has-mask-background nonhundred-percent-fullwidth non-hundred-percent-height-scrolling\" style=\"--awb-border-radius-top-left:0px;--awb-border-radius-top-right:0px;--awb-border-radius-bottom-right:0px;--awb-border-radius-bottom-left:0px;--awb-margin-top:30px;--awb-flex-wrap:wrap;\" ><div class=\"fusion-builder-row fusion-row fusion-flex-align-items-flex-start fusion-flex-content-wrap\" style=\"max-width:1144px;margin-left: calc(-4% \/ 2 );margin-right: calc(-4% \/ 2 );\"><div class=\"fusion-layout-column fusion_builder_column fusion-builder-column-2 fusion_builder_column_1_1 1_1 fusion-flex-column\" style=\"--awb-bg-size:cover;--awb-width-large:100%;--awb-margin-top-large:0px;--awb-spacing-right-large:1.92%;--awb-margin-bottom-large:20px;--awb-spacing-left-large:1.92%;--awb-width-medium:100%;--awb-order-medium:0;--awb-spacing-right-medium:1.92%;--awb-spacing-left-medium:1.92%;--awb-width-small:100%;--awb-order-small:0;--awb-spacing-right-small:1.92%;--awb-spacing-left-small:1.92%;\"><div class=\"fusion-column-wrapper fusion-column-has-shadow fusion-flex-justify-content-flex-start fusion-content-layout-column\"><div class=\"fusion-title title fusion-title-2 fusion-title-text fusion-title-size-two\" style=\"--awb-margin-top:20px;\"><div class=\"title-sep-container title-sep-container-left fusion-no-large-visibility fusion-no-medium-visibility fusion-no-small-visibility\"><div class=\"title-sep sep-double sep-solid\" style=\"border-color:#e0dede;\"><\/div><\/div><span class=\"awb-title-spacer fusion-no-large-visibility fusion-no-medium-visibility fusion-no-small-visibility\"><\/span><h2 class=\"fusion-title-heading title-heading-left\" style=\"margin:0;\">Was ist Bildungsurlaub?<\/h2><span class=\"awb-title-spacer\"><\/span><div class=\"title-sep-container title-sep-container-right\"><div class=\"title-sep sep-double sep-solid\" style=\"border-color:#e0dede;\"><\/div><\/div><\/div><div class=\"fusion-text fusion-text-4\"><p>Bildungsurlaub ist eine <strong>besondere Form des Urlaubs<\/strong>, die es Arbeitnehmern erm\u00f6glicht, sich f\u00fcr eine festgelegte Zeit von ihrer Arbeit freizunehmen, um sich in verschiedenen Bereichen weiterzubilden \u2013 sei es allgemein, beruflich oder politisch.<\/p>\n<p>Dieser spezielle Urlaub, auch bekannt als \u201eBildungsfreistellung\u201c oder \u201eBildungszeit\u201c, ist ein <strong>wichtiges Element zur pers\u00f6nlichen und beruflichen Entwicklung<\/strong>. Im Gegensatz zum regul\u00e4ren Erholungsurlaub ist der Bildungsurlaub darauf ausgerichtet, Wissen zu erweitern, F\u00e4higkeiten zu verbessern und sich aktiv mit neuen Themen auseinanderzusetzen.<\/p>\n<p>Arbeitnehmer, die berechtigt sind, haben das Recht auf bezahlte Bildungszeit, die ihnen <strong>zus\u00e4tzlich zu ihrem regul\u00e4ren Urlaub gew\u00e4hrt<\/strong> wird. Das bedeutet, dass keine Urlaubstage daf\u00fcr abgezogen werden d\u00fcrfen.<\/p>\n<\/div><div class=\"fusion-title title fusion-title-3 fusion-title-text fusion-title-size-two\" style=\"--awb-margin-top:20px;\"><div class=\"title-sep-container title-sep-container-left fusion-no-large-visibility fusion-no-medium-visibility fusion-no-small-visibility\"><div class=\"title-sep sep-double sep-solid\" style=\"border-color:#e0dede;\"><\/div><\/div><span class=\"awb-title-spacer fusion-no-large-visibility fusion-no-medium-visibility fusion-no-small-visibility\"><\/span><h2 class=\"fusion-title-heading title-heading-left\" style=\"margin:0;\">Voraussetzungen, um Bildungsurlaub nehmen zu k\u00f6nnen<\/h2><span class=\"awb-title-spacer\"><\/span><div class=\"title-sep-container title-sep-container-right\"><div class=\"title-sep sep-double sep-solid\" style=\"border-color:#e0dede;\"><\/div><\/div><\/div><div class=\"fusion-text fusion-text-5\"><p>Bevor Sie Bildungsurlaub in Anspruch nehmen k\u00f6nnen, m\u00fcssen bestimmte Voraussetzungen erf\u00fcllt sein. Hier sind einige wichtige Informationen, die Sie beachten sollten:<\/p>\n<ul>\n<li><strong>Betriebszugeh\u00f6rigkeit:<\/strong> Um Anspruch auf Bildungsurlaub zu haben, ist eine Mindestbetriebszugeh\u00f6rigkeit von 6 bzw. 12 Monaten erforderlich.<\/li>\n<li><strong>Betriebsgr\u00f6\u00dfe:<\/strong> Je nach Regelungen besteht der Anspruch auf Bildungsurlaub in Betrieben ab 10 oder 20 Angestellten.<\/li>\n<li><strong>Anerkennung des Kurses:<\/strong> Stellen Sie sicher, dass der Kurs, den Sie besuchen m\u00f6chten, in Ihrem Bundesland sowohl vor-Ort als auch online anerkannt ist, bevor Sie Ihren Bildungsurlaub beantragen.<\/li>\n<\/ul>\n<p>Da alle die genauen Voraussetzungen f\u00fcr Bildungsurlaub auf L\u00e4nderebene geregelt sind, sollten Sie sich zus\u00e4tzlich f\u00fcr Ihren individuellen Fall informieren, um Missverst\u00e4ndnisse zu vermeiden.<\/p>\n<\/div><div class=\"fusion-title title fusion-title-4 fusion-title-text fusion-title-size-two\" style=\"--awb-margin-top:20px;\"><div class=\"title-sep-container title-sep-container-left fusion-no-large-visibility fusion-no-medium-visibility fusion-no-small-visibility\"><div class=\"title-sep sep-double sep-solid\" style=\"border-color:#e0dede;\"><\/div><\/div><span class=\"awb-title-spacer fusion-no-large-visibility fusion-no-medium-visibility fusion-no-small-visibility\"><\/span><h2 class=\"fusion-title-heading title-heading-left\" style=\"margin:0;\">K\u00f6nnen Arbeitgeber Bildungsurlaub ablehnen?<\/h2><span class=\"awb-title-spacer\"><\/span><div class=\"title-sep-container title-sep-container-right\"><div class=\"title-sep sep-double sep-solid\" style=\"border-color:#e0dede;\"><\/div><\/div><\/div><div class=\"fusion-text fusion-text-6\"><p>Arbeitgeber haben das Recht, einen Antrag auf Bildungsurlaub abzulehnen, insbesondere aus <strong>dringenden betrieblichen Gr\u00fcnden<\/strong>. Diese Entscheidung kann von den gesetzlichen Regelungen in den einzelnen Bundesl\u00e4ndern abh\u00e4ngen.<\/p>\n<p>\u00dcberpr\u00fcfen Sie die genauen Bestimmungen in Ihrem jeweiligen Bundesland, um Ihre individuellen Anspr\u00fcche zu verstehen.<\/p>\n<\/div><\/div><\/div><\/div><\/div><div class=\"fusion-fullwidth fullwidth-box fusion-builder-row-4 fusion-flex-container has-pattern-background has-mask-background nonhundred-percent-fullwidth non-hundred-percent-height-scrolling\" style=\"--awb-border-radius-top-left:0px;--awb-border-radius-top-right:0px;--awb-border-radius-bottom-right:0px;--awb-border-radius-bottom-left:0px;--awb-flex-wrap:wrap;\" ><div class=\"fusion-builder-row fusion-row fusion-flex-align-items-flex-start fusion-flex-content-wrap\" style=\"max-width:1144px;margin-left: calc(-4% \/ 2 );margin-right: calc(-4% \/ 2 );\"><div class=\"fusion-layout-column fusion_builder_column fusion-builder-column-3 fusion_builder_column_1_1 1_1 fusion-flex-column\" style=\"--awb-bg-size:cover;--awb-width-large:100%;--awb-margin-top-large:0px;--awb-spacing-right-large:1.92%;--awb-margin-bottom-large:20px;--awb-spacing-left-large:1.92%;--awb-width-medium:100%;--awb-order-medium:0;--awb-spacing-right-medium:1.92%;--awb-spacing-left-medium:1.92%;--awb-width-small:100%;--awb-order-small:0;--awb-spacing-right-small:1.92%;--awb-spacing-left-small:1.92%;\"><div class=\"fusion-column-wrapper fusion-column-has-shadow fusion-flex-justify-content-flex-start fusion-content-layout-column\"><div class=\"fusion-title title fusion-title-5 fusion-title-text fusion-title-size-two\" style=\"--awb-margin-top:20px;\"><div class=\"title-sep-container title-sep-container-left fusion-no-large-visibility fusion-no-medium-visibility fusion-no-small-visibility\"><div class=\"title-sep sep-double sep-solid\" style=\"border-color:#e0dede;\"><\/div><\/div><span class=\"awb-title-spacer fusion-no-large-visibility fusion-no-medium-visibility fusion-no-small-visibility\"><\/span><h2 class=\"fusion-title-heading title-heading-left\" style=\"margin:0;\">\u00dcbersicht: Bildungsurlaub in verschiedenen Bundesl\u00e4ndern<\/h2><span class=\"awb-title-spacer\"><\/span><div class=\"title-sep-container title-sep-container-right\"><div class=\"title-sep sep-double sep-solid\" style=\"border-color:#e0dede;\"><\/div><\/div><\/div><style>\ntable {\n    border-spacing: 0;\n    border: 1px solid #747474;\n    background-color: #f6f6f6;\n    width: 100%;\n    text-align: left;\n    border-collapse: collapse;\n    overflow-x: scroll;\n    display: block;\n}\n\ntable td,\ntable th {\n   border: 1px solid #AAAAAA;\n  padding: 5px 10px;\n}\n<\/style>\n\n<table>\n<tbody>\n<tr>\n<td><b>Bundesland<\/b><\/td>\n<td><b>Anspruch auf Bildungsurlaub<\/b><\/td>\n<td><b>Details<\/b><\/td>\n<\/tr>\n<tr>\n<td><span style=\"font-weight: 400;\">NRW (Nordrhein-Westfalen)<\/span><\/td>\n<td><span style=\"font-weight: 400;\">Bis zu 5 Arbeitstage pro Jahr\u00a0<\/span><\/td>\n<td><span style=\"font-weight: 400;\">Betriebszugeh\u00f6rigkeit von mind. 6 Monaten erforderlich. Bildungsort darf sich nicht mehr als 500 km von der Landesgrenze entfernt befinden. Regelungen im <\/span><a href=\"https:\/\/recht.nrw.de\/lmi\/owa\/br_bes_text?anw_nr=2&amp;gld_nr=8&amp;ugl_nr=800&amp;bes_id=3853&amp;menu=0&amp;sg=0&amp;aufgehoben=N&amp;keyword=awbg#det0\" target=\"_blank\" rel=\"noopener\"><span style=\"font-weight: 400;\">Arbeitnehmerweiterbildungsgesetz NRW (AWbG)<\/span><\/a><span style=\"font-weight: 400;\">\u00a0<\/span><\/td>\n<\/tr>\n<tr>\n<td><span style=\"font-weight: 400;\">Hessen\u00a0<\/span><\/td>\n<td><span style=\"font-weight: 400;\">Bis zu 5 Arbeitstage pro Jahr<\/span><\/td>\n<td><span style=\"font-weight: 400;\">Mind. 6 Monate Besch\u00e4ftigung erforderlich. Empfohlene Antragsfrist 6 Wochen vor Kursbeginn. Begrenzung auf maximal 33 % der Besch\u00e4ftigten pro Jahr. Kein Anspruch f\u00fcr Beamte. Weitere Infos beim <\/span><a href=\"https:\/\/www.bildungsportal-hessen.de\/g12271\" target=\"_blank\" rel=\"noopener\"><span style=\"font-weight: 400;\">Verein Weiterbildung Hessen e.V.<\/span><\/a><\/td>\n<\/tr>\n<tr>\n<td><span style=\"font-weight: 400;\">Niedersachsen<\/span><\/td>\n<td><span style=\"font-weight: 400;\">Bis zu 5 Arbeitstage pro Jahr<\/span><\/td>\n<td><span style=\"font-weight: 400;\">6 Stunden Unterricht pro Tag. <\/span><a href=\"https:\/\/www.bildungsurlaub-niedersachsen.de\/\" target=\"_blank\" rel=\"noopener\"><span style=\"font-weight: 400;\">Antragstellung<\/span><\/a><span style=\"font-weight: 400;\"> fr\u00fchestens nach 6 Monaten im Besch\u00e4ftigungsverh\u00e4ltnis.<\/span><\/td>\n<\/tr>\n<tr>\n<td><span style=\"font-weight: 400;\">Berlin<\/span><\/td>\n<td><span style=\"font-weight: 400;\">J\u00e4hrlich 5 Tage Bildungszeit, erweiterbar auf 10 Tage<\/span><\/td>\n<td><span style=\"font-weight: 400;\">Kosten f\u00fcr Kurs tragen Besch\u00e4ftigte selbst. Weitere Infos auf <\/span><a href=\"https:\/\/www.berlin.de\/sen\/arbeit\/weiterbildung\/bildungszeit\/\" target=\"_blank\" rel=\"noopener\"><span style=\"font-weight: 400;\">Berlin.de<\/span><\/a><span style=\"font-weight: 400;\">.<\/span><\/td>\n<\/tr>\n<tr>\n<td><span style=\"font-weight: 400;\">Hamburg<\/span><\/td>\n<td><span style=\"font-weight: 400;\">Bis zu 10 bezahlte Arbeitstage f\u00fcr berufliche Weiterbildung<\/span><\/td>\n<td><span style=\"font-weight: 400;\">Arbeitgeber tr\u00e4gt Kosten f\u00fcr Freistellung, Teilnehmer zahlen Kursgeb\u00fchren. Infos auf <\/span><a href=\"https:\/\/bildungsurlaub-hamburg.de\/g160\" target=\"_blank\" rel=\"noopener\"><span style=\"font-weight: 400;\">Bildungsurlaub-Hamburg.de<\/span><\/a><span style=\"font-weight: 400;\">.<\/span><\/td>\n<\/tr>\n<tr>\n<td><span style=\"font-weight: 400;\">Bayern und Sachsen<\/span><\/td>\n<td><span style=\"font-weight: 400;\">Kein gesetzlicher Anspruch auf Bildungsurlaub<\/span><\/td>\n<td><span style=\"font-weight: 400;\">Weiterbildungen w\u00e4hrend regul\u00e4rem Erholungsurlaub m\u00f6glich.<\/span><\/td>\n<\/tr>\n<tr>\n<td><span style=\"font-weight: 400;\">Th\u00fcringen<\/span><\/td>\n<td><span style=\"font-weight: 400;\">J\u00e4hrlich bis zu 5 Tage\u00a0<\/span><\/td>\n<td><span style=\"font-weight: 400;\">Freistellung mit Gehaltszahlung. Weitere Infos auf <\/span><a href=\"https:\/\/www.bildungsfreistellung.de\/\" target=\"_blank\" rel=\"noopener\"><span style=\"font-weight: 400;\">Bildungsfreistellung.de<\/span><\/a><\/td>\n<\/tr>\n<tr>\n<td><span style=\"font-weight: 400;\">Rheinland-Pfalz<\/span><\/td>\n<td><span style=\"font-weight: 400;\">Bis zu 10 Tage Freistellung innerhalb von 2 Kalenderjahren<\/span><\/td>\n<td><span style=\"font-weight: 400;\">Arbeitsentgelt wird weitergezahlt. Weitere Infos beim <\/span><a href=\"https:\/\/mastd.rlp.de\/themen\/weiterbildung\/bildungsfreistellung\" target=\"_blank\" rel=\"noopener\"><span style=\"font-weight: 400;\">Ministeriums f\u00fcr Arbeit, Soziales, Transformation und Digitalisierung<\/span><\/a><span style=\"font-weight: 400;\">.<\/span><\/td>\n<\/tr>\n<tr>\n<td><span style=\"font-weight: 400;\">Saarland<\/span><\/td>\n<td><span style=\"font-weight: 400;\">J\u00e4hrlich bis zu 6 Arbeitstage<\/span><\/td>\n<td><span style=\"font-weight: 400;\">Antragsfrist 6 Wochen vor Beginn, Freistellung fr\u00fchestens nach 12 Monaten im Besch\u00e4ftigungsverh\u00e4ltnis. Weitere Infos auf <\/span><a href=\"https:\/\/www.saarland.de\/mbk\/DE\/portale\/weiterbildung\/bildungsfreistellung\/bildungsfreistellung_node.html\" target=\"_blank\" rel=\"noopener\"><span style=\"font-weight: 400;\">Saarland.de<\/span><\/a><span style=\"font-weight: 400;\">.<\/span><\/td>\n<\/tr>\n<tr>\n<td><span style=\"font-weight: 400;\">Brandenburg<\/span><\/td>\n<td><span style=\"font-weight: 400;\">Alle 2 Jahre bis zu 10 Arbeitstage\u00a0<\/span><\/td>\n<td><span style=\"font-weight: 400;\">Antrag mindestens 6 Wochen vorher. Weitere Infos auf der Website des <\/span><a href=\"https:\/\/mbjs.brandenburg.de\/\" target=\"_blank\" rel=\"noopener\"><span style=\"font-weight: 400;\">Landes Brandenburg<\/span><\/a><span style=\"font-weight: 400;\">.<\/span><\/td>\n<\/tr>\n<tr>\n<td><span style=\"font-weight: 400;\">Sachsen-Anhalt<\/span><\/td>\n<td><span style=\"font-weight: 400;\">Alle 2 Jahre bis zu 14 Arbeitstage\u00a0<\/span><\/td>\n<td><span style=\"font-weight: 400;\">Antragsfrist 6 Wochen vorher. Weitere Infos beim <\/span><a href=\"https:\/\/lvwa.sachsen-anhalt.de\/das-lvwa\/kommunales-ordnung-verbraucherschutz-migration\/landesamt-zur-regelung-offener-vermoegensfragen-2-sed-unrechtsbereinigungsgesetz-integration-bildung-ausbildungsfoerderung\/bildung-bafoeg\/bildungsfreistellung\/bildungsfreistellung\" target=\"_blank\" rel=\"noopener\"><span style=\"font-weight: 400;\">Landesverwaltungsamt Sachsen-Anhalt<\/span><\/a><span style=\"font-weight: 400;\">.<\/span><\/td>\n<\/tr>\n<tr>\n<td><span style=\"font-weight: 400;\">Bremen<\/span><\/td>\n<td><span style=\"font-weight: 400;\">Alle 2 Jahre bis zu 10 Arbeitstage<\/span><\/td>\n<td><span style=\"font-weight: 400;\">Antrag 4 Wochen vorher. Weitere Infos auf\u00a0 <\/span><a href=\"https:\/\/www.bremen.de\/bildung-und-beruf\/fort-und-weiterbildung\/bildungszeit\" target=\"_blank\" rel=\"noopener\"><span style=\"font-weight: 400;\">Bremen.de<\/span><\/a><span style=\"font-weight: 400;\">.<\/span><\/td>\n<\/tr>\n<tr>\n<td><span style=\"font-weight: 400;\">Schleswig-Holstein<\/span><\/td>\n<td><span style=\"font-weight: 400;\">Alle 2 Jahre bis zu 10 Arbeitstage<\/span><\/td>\n<td><span style=\"font-weight: 400;\">Antrag 6 Wochen vorher. Weitere Infos auf <\/span><a href=\"https:\/\/www.schleswig-holstein.de\/DE\/landesregierung\/themen\/bildung-hochschulen\/bildungsfreistellung-bildungsurlaub\/bildungsfreistellung-bildungsurlaub_node.html\" target=\"_blank\" rel=\"noopener\"><span style=\"font-weight: 400;\">Schleswig-Holstein.de<\/span><\/a><span style=\"font-weight: 400;\">.<\/span><\/td>\n<\/tr>\n<tr>\n<td><span style=\"font-weight: 400;\">Mecklenburg-Vorpommern<\/span><\/td>\n<td><span style=\"font-weight: 400;\">J\u00e4hrlich bis zu 5 Arbeitstage<\/span><\/td>\n<td><span style=\"font-weight: 400;\">Antrag 8 Wochen vorher. Weitere Infos auf <\/span><a href=\"https:\/\/www.regierung-mv.de\/Landesregierung\/bm\/Erwachsenenbildung\/Bildungsfreistellung\/#:~:text=Grundlage%20ist%20das%20Bildungsfreistellungsgesetz%2C%20das,eine%20Weiterbildung%20freigestellt%20zu%20werden.\" target=\"_blank\" rel=\"noopener\"><span style=\"font-weight: 400;\">Regierung-mv.de<\/span><\/a><span style=\"font-weight: 400;\">.<\/span><\/td>\n<\/tr>\n<tr>\n<td><span style=\"font-weight: 400;\">Baden-W\u00fcrttemberg<\/span><\/td>\n<td><span style=\"font-weight: 400;\">J\u00e4hrlich bis zu 5 Arbeitstage<\/span><\/td>\n<td><span style=\"font-weight: 400;\">Antrag 8 Wochen vorher. Weitere Infos bei den <\/span><a href=\"https:\/\/rp.baden-wuerttemberg.de\/themen\/\" target=\"_blank\" rel=\"noopener\"><span style=\"font-weight: 400;\">Regierungspr\u00e4sidien Baden-W\u00fcrttemberg<\/span><\/a><span style=\"font-weight: 400;\">.<\/span><\/td>\n<\/tr>\n<\/tbody>\n<\/table><\/div><\/div><\/div><\/div><div class=\"fusion-fullwidth fullwidth-box fusion-builder-row-5 fusion-flex-container has-pattern-background has-mask-background nonhundred-percent-fullwidth non-hundred-percent-height-scrolling\" style=\"--awb-border-radius-top-left:0px;--awb-border-radius-top-right:0px;--awb-border-radius-bottom-right:0px;--awb-border-radius-bottom-left:0px;--awb-flex-wrap:wrap;\" ><div class=\"fusion-builder-row fusion-row fusion-flex-align-items-flex-start fusion-flex-content-wrap\" style=\"max-width:1144px;margin-left: calc(-4% \/ 2 );margin-right: calc(-4% \/ 2 );\"><div class=\"fusion-layout-column fusion_builder_column fusion-builder-column-4 fusion_builder_column_1_1 1_1 fusion-flex-column\" style=\"--awb-bg-size:cover;--awb-width-large:100%;--awb-margin-top-large:0px;--awb-spacing-right-large:1.92%;--awb-margin-bottom-large:20px;--awb-spacing-left-large:1.92%;--awb-width-medium:100%;--awb-order-medium:0;--awb-spacing-right-medium:1.92%;--awb-spacing-left-medium:1.92%;--awb-width-small:100%;--awb-order-small:0;--awb-spacing-right-small:1.92%;--awb-spacing-left-small:1.92%;\"><div class=\"fusion-column-wrapper fusion-column-has-shadow fusion-flex-justify-content-flex-start fusion-content-layout-column\"><div class=\"fusion-title title fusion-title-6 fusion-title-text fusion-title-size-two\" style=\"--awb-margin-top:20px;\"><div class=\"title-sep-container title-sep-container-left fusion-no-large-visibility fusion-no-medium-visibility fusion-no-small-visibility\"><div class=\"title-sep sep-double sep-solid\" style=\"border-color:#e0dede;\"><\/div><\/div><span class=\"awb-title-spacer fusion-no-large-visibility fusion-no-medium-visibility fusion-no-small-visibility\"><\/span><h2 class=\"fusion-title-heading title-heading-left\" style=\"margin:0;\">Welche Kurse kann man im Rahmen des Bildungsurlaubs besuchen?<\/h2><span class=\"awb-title-spacer\"><\/span><div class=\"title-sep-container title-sep-container-right\"><div class=\"title-sep sep-double sep-solid\" style=\"border-color:#e0dede;\"><\/div><\/div><\/div><div class=\"fusion-text fusion-text-7\"><p>Die Auswahl an Weiterbildungsm\u00f6glichkeiten ist breit gef\u00e4chert und <strong>muss nicht unbedingt mit Ihrer aktuellen beruflichen T\u00e4tigkeit in direktem Zusammenhang stehen<\/strong>. Ob Sie sich f\u00fcr einen Sprachkurs entscheiden, sich politisch weiterbilden m\u00f6chten oder ein ganz anderes Interessengebiet haben \u2013 in der Regel sind <strong>viele verschiedene Kurse f\u00fcr Bildungsurlaub geeignet<\/strong>.<\/p>\n<p>Doch es sind l\u00e4ngst <strong>nicht alle Kurse f\u00fcr Bildungsurlaub anerkannt<\/strong>. Daher sollten Sie sich \u00fcber die Angebote informieren und sicherstellen, dass der von Ihnen gew\u00e4hlte Kurs f\u00fcr Bildungsurlaub akkreditiert ist. Die Anbieter stellen normalerweise Informationen und Unterlagen f\u00fcr die Beantragung des Bildungsurlaubs bereit.<\/p>\n<p>Sie k\u00f6nnen passende Bildungsurlaubskurse bei <strong>Bildungseinrichtungen in Ihrem Bundesland<\/strong>, an Volkshochschulen oder \u00fcber Ihre Gewerkschaft finden. Dar\u00fcber hinaus bieten Online-Plattformen wie bildungsurlaub.de eine breite Auswahl an Angeboten.<\/p>\n<\/div><div class=\"fusion-title title fusion-title-7 fusion-title-text fusion-title-size-two\" style=\"--awb-margin-top:20px;\"><div class=\"title-sep-container title-sep-container-left fusion-no-large-visibility fusion-no-medium-visibility fusion-no-small-visibility\"><div class=\"title-sep sep-double sep-solid\" style=\"border-color:#e0dede;\"><\/div><\/div><span class=\"awb-title-spacer fusion-no-large-visibility fusion-no-medium-visibility fusion-no-small-visibility\"><\/span><h2 class=\"fusion-title-heading title-heading-left\" style=\"margin:0;\">Machen Sie Ihren Bildungsurlaub mit Co Co Lingua zu einem intensiven Sprach- &amp; Kulturerlebnis<\/h2><span class=\"awb-title-spacer\"><\/span><div class=\"title-sep-container title-sep-container-right\"><div class=\"title-sep sep-double sep-solid\" style=\"border-color:#e0dede;\"><\/div><\/div><\/div><div class=\"fusion-text fusion-text-8\"><p>Erleben Sie Ihren Bildungsurlaub mit Co Co Lingua als eine einzigartige Gelegenheit, nicht nur Ihre sprachlichen F\u00e4higkeiten zu verbessern, sondern auch in die faszinierende Welt der spanischen Sprache und Kultur einzutauchen.<\/p>\n<p>Unsere <strong>intensiven Sprachkurse und kulturellen Aktivit\u00e4ten<\/strong> bieten Ihnen ein unvergessliches Sprach- &amp; Kulturerlebnis, das Ihre Weiterbildung zu einem unvergesslichen Erlebnis macht.<\/p>\n<p>Das Co Co Lingua <a href=\"https:\/\/cocolingua.com\/de\/bildungsurlaub-spanisch\/\" target=\"_blank\" rel=\"noopener\">Spanisch-Bildungsurlaubsangebot<\/a> wird von erfahrenen Muttersprachlern geleitet und ist in den meisten Bundesl\u00e4ndern als Bildungsurlaub anerkannt, darunter Berlin, Hamburg und Hessen.<\/p>\n<p>Sie haben die Flexibilit\u00e4t, zwischen verschiedenen Lernoptionen zu w\u00e4hlen, sei es ein flexibles <a href=\"https:\/\/cocolingua.com\/de\/bildungsurlaub-spanisch-online\/\" target=\"_blank\" rel=\"noopener\">Online-Bildungsurlaubsprogramm<\/a>, das Sie von \u00fcberall aus absolvieren k\u00f6nnen, oder ein intensiver <a href=\"https:\/\/cocolingua.com\/de\/bildungsurlaub-spanien\/\" target=\"_blank\" rel=\"noopener\">Bildungsurlaub vor Ort in unserer Sprachschule auf Lanzarote<\/a>.<\/p>\n<p>Erleben Sie bei Co Co Lingua eine ganz besondere Bildungserfahrung, die Ihre Erwartungen \u00fcbertreffen wird.<\/p>\n<\/div><div style=\"text-align:center;\"><a class=\"fusion-button button-flat fusion-button-default-size button-default fusion-button-default button-1 fusion-button-default-span fusion-button-default-type\" target=\"_self\" href=\"https:\/\/cocolingua.com\/de\/kontakt\/\"><span class=\"fusion-button-text awb-button__text awb-button__text--default\"> Jetzt informieren<\/span><\/a><\/div><\/div><\/div><\/div><\/div><\/p>\n","protected":false},"excerpt":{"rendered":"","protected":false},"author":6,"featured_media":13411,"comment_status":"closed","ping_status":"open","sticky":false,"template":"","format":"standard","meta":{"ngg_post_thumbnail":0,"footnotes":""},"categories":[74],"tags":[],"class_list":["post-17879","post","type-post","status-publish","format-standard","has-post-thumbnail","hentry","category-nachrichten"],"_links":{"self":[{"href":"https:\/\/cocolingua.com\/de\/wp-json\/wp\/v2\/posts\/17879","targetHints":{"allow":["GET"]}}],"collection":[{"href":"https:\/\/cocolingua.com\/de\/wp-json\/wp\/v2\/posts"}],"about":[{"href":"https:\/\/cocolingua.com\/de\/wp-json\/wp\/v2\/types\/post"}],"author":[{"embeddable":true,"href":"https:\/\/cocolingua.com\/de\/wp-json\/wp\/v2\/users\/6"}],"replies":[{"embeddable":true,"href":"https:\/\/cocolingua.com\/de\/wp-json\/wp\/v2\/comments?post=17879"}],"version-history":[{"count":25,"href":"https:\/\/cocolingua.com\/de\/wp-json\/wp\/v2\/posts\/17879\/revisions"}],"predecessor-version":[{"id":18812,"href":"https:\/\/cocolingua.com\/de\/wp-json\/wp\/v2\/posts\/17879\/revisions\/18812"}],"wp:featuredmedia":[{"embeddable":true,"href":"https:\/\/cocolingua.com\/de\/wp-json\/wp\/v2\/media\/13411"}],"wp:attachment":[{"href":"https:\/\/cocolingua.com\/de\/wp-json\/wp\/v2\/media?parent=17879"}],"wp:term":[{"taxonomy":"category","embeddable":true,"href":"https:\/\/cocolingua.com\/de\/wp-json\/wp\/v2\/categories?post=17879"},{"taxonomy":"post_tag","embeddable":true,"href":"https:\/\/cocolingua.com\/de\/wp-json\/wp\/v2\/tags?post=17879"}],"curies":[{"name":"wp","href":"https:\/\/api.w.org\/{rel}","templated":true}]}}